{"id":4171,"date":"2012-12-11T07:55:17","date_gmt":"2012-12-11T07:55:17","guid":{"rendered":"https:\/\/www.jedwabno.pl\/?p=4171"},"modified":"2012-12-11T11:22:57","modified_gmt":"2012-12-11T11:22:57","slug":"uroczysta-masza-swieta-w-kosciele-pw-sw-jozefa-w-jedwabnie-09-12-2012-rok","status":"publish","type":"post","link":"https:\/\/archiwum.jedwabno.pl\/4171\/uroczysta-masza-swieta-w-kosciele-pw-sw-jozefa-w-jedwabnie-09-12-2012-rok","title":{"rendered":"Uroczysta Masza \u015awi\u0119ta w Ko\u015bciele pw. \u015bw. J\u00f3zefa w Jedwabnie, 09.12.2012 rok"},"content":{"rendered":"<p>Dnia 9.12.2012 roku w Ko\u015bciele pod wezwaniem \u015awi\u0119tego J\u00f3zefa w Jedwabnie odprawiona zosta\u0142a uroczysta Msza \u015awi\u0119ta z okazji 80 rocznicy po\u015bwi\u0119cenia Ko\u015bcio\u0142a przez biskupa Maksymiliana Kallera w 1932 roku. Udzia\u0142 w uroczysto\u015bci wzi\u0105\u0142 biskup Jacek Jezierski. S\u0142awomir Ambroziak przedstawi\u0142 prezentacj\u0119 multimedialn\u0105 przypominaj\u0105c\u0105 dzieje ko\u015bcio\u0142a. W trakcie Mszy za\u015bpiewa\u0142 nowo powsta\u0142y ch\u00f3r z Jedwabna. Obecny na mszy Krzysztof Otulakowski W\u00f3jt Gminy Jedwabno podzi\u0119kowa\u0142 biskupowi za dotychczasow\u0105 opiek\u0119 nad parafi\u0105.<\/p>\n<p>&nbsp;<\/p>\nngg_shortcode_0_placeholder\n","protected":false},"excerpt":{"rendered":"<p>Dnia 9.12.2012 roku w Ko\u015bciele pod wezwaniem \u015awi\u0119tego J\u00f3zefa w  [&#8230;]<\/p>\n","protected":false},"author":55,"featured_media":4173,"comment_status":"closed","ping_status":"open","sticky":false,"template":"","format":"standard","meta":{"ngg_post_thumbnail":0,"footnotes":""},"categories":[1],"tags":[],"class_list":["post-4171","post","type-post","status-publish","format-standard","has-post-thumbnail","hentry","category-wiadomosci"],"_links":{"self":[{"href":"https:\/\/archiwum.jedwabno.pl\/jdbn_json_endpoint\/wp\/v2\/posts\/4171","targetHints":{"allow":["GET"]}}],"collection":[{"href":"https:\/\/archiwum.jedwabno.pl\/jdbn_json_endpoint\/wp\/v2\/posts"}],"about":[{"href":"https:\/\/archiwum.jedwabno.pl\/jdbn_json_endpoint\/wp\/v2\/types\/post"}],"author":[{"embeddable":true,"href":"https:\/\/archiwum.jedwabno.pl\/jdbn_json_endpoint\/wp\/v2\/users\/55"}],"replies":[{"embeddable":true,"href":"https:\/\/archiwum.jedwabno.pl\/jdbn_json_endpoint\/wp\/v2\/comments?post=4171"}],"version-history":[{"count":0,"href":"https:\/\/archiwum.jedwabno.pl\/jdbn_json_endpoint\/wp\/v2\/posts\/4171\/revisions"}],"wp:featuredmedia":[{"embeddable":true,"href":"https:\/\/archiwum.jedwabno.pl\/jdbn_json_endpoint\/wp\/v2\/media\/4173"}],"wp:attachment":[{"href":"https:\/\/archiwum.jedwabno.pl\/jdbn_json_endpoint\/wp\/v2\/media?parent=4171"}],"wp:term":[{"taxonomy":"category","embeddable":true,"href":"https:\/\/archiwum.jedwabno.pl\/jdbn_json_endpoint\/wp\/v2\/categories?post=4171"},{"taxonomy":"post_tag","embeddable":true,"href":"https:\/\/archiwum.jedwabno.pl\/jdbn_json_endpoint\/wp\/v2\/tags?post=4171"}],"curies":[{"name":"wp","href":"https:\/\/api.w.org\/{rel}","templated":true}]}}