{"id":4149,"date":"2012-12-08T20:49:24","date_gmt":"2012-12-08T20:49:24","guid":{"rendered":"https:\/\/www.jedwabno.pl\/?p=4149"},"modified":"2012-12-08T20:49:24","modified_gmt":"2012-12-08T20:49:24","slug":"andrzejki-2012-w-szuci-24-11-2012-roku","status":"publish","type":"post","link":"https:\/\/archiwum.jedwabno.pl\/4149\/andrzejki-2012-w-szuci-24-11-2012-roku","title":{"rendered":"Andrzejki 2012 w Szuci, 24.11.2012 roku"},"content":{"rendered":"<p>W dniu 24 listopada 2012 r. w \u015bwietlicy wiejskiej w Szuci \u00a0zorganizowane zosta\u0142y przez Stowarzyszenie &#8222;Ko\u0142o Gospody\u0144 Wiejskich&#8221; w Szuci ?Andrzejki? . Organizator przygotowa\u0142 niespodzianki dla uczestnik\u00f3w zabawy.\u00a0 Dla solenizant\u00f3w przygotowano specjalne pisemne \u017cyczenia oraz od\u015bpiewano ?sto lat?. Zabaw\u0119 rozpocz\u0119li solenizanci walcem wiede\u0144skim z filmu pt.?Noce i dnie?. Wybrano r\u00f3wnie\u017c ?Najlepszego Tancerza\u00a0 i Tancerk\u0119 wieczoru&#8221;, kt\u00f3rymi zostali Dorota Licka i Henryk Bogucki. By\u0142y r\u00f3wnie\u017c wsp\u00f3lne \u015bpiewy oraz wiele bardzo wr\u00f3\u017cb\u00a0 andrzejkowych. Wszyscy \u015bwietnie si\u0119 bawili.<\/p>\n<p>&nbsp;<\/p>\nngg_shortcode_0_placeholder\n","protected":false},"excerpt":{"rendered":"<p>W dniu 24 listopada 2012 r. w \u015bwietlicy wiejskiej w  [&#8230;]<\/p>\n","protected":false},"author":55,"featured_media":4151,"comment_status":"closed","ping_status":"open","sticky":false,"template":"","format":"standard","meta":{"ngg_post_thumbnail":0,"footnotes":""},"categories":[1],"tags":[],"class_list":["post-4149","post","type-post","status-publish","format-standard","has-post-thumbnail","hentry","category-wiadomosci"],"_links":{"self":[{"href":"https:\/\/archiwum.jedwabno.pl\/jdbn_json_endpoint\/wp\/v2\/posts\/4149","targetHints":{"allow":["GET"]}}],"collection":[{"href":"https:\/\/archiwum.jedwabno.pl\/jdbn_json_endpoint\/wp\/v2\/posts"}],"about":[{"href":"https:\/\/archiwum.jedwabno.pl\/jdbn_json_endpoint\/wp\/v2\/types\/post"}],"author":[{"embeddable":true,"href":"https:\/\/archiwum.jedwabno.pl\/jdbn_json_endpoint\/wp\/v2\/users\/55"}],"replies":[{"embeddable":true,"href":"https:\/\/archiwum.jedwabno.pl\/jdbn_json_endpoint\/wp\/v2\/comments?post=4149"}],"version-history":[{"count":0,"href":"https:\/\/archiwum.jedwabno.pl\/jdbn_json_endpoint\/wp\/v2\/posts\/4149\/revisions"}],"wp:featuredmedia":[{"embeddable":true,"href":"https:\/\/archiwum.jedwabno.pl\/jdbn_json_endpoint\/wp\/v2\/media\/4151"}],"wp:attachment":[{"href":"https:\/\/archiwum.jedwabno.pl\/jdbn_json_endpoint\/wp\/v2\/media?parent=4149"}],"wp:term":[{"taxonomy":"category","embeddable":true,"href":"https:\/\/archiwum.jedwabno.pl\/jdbn_json_endpoint\/wp\/v2\/categories?post=4149"},{"taxonomy":"post_tag","embeddable":true,"href":"https:\/\/archiwum.jedwabno.pl\/jdbn_json_endpoint\/wp\/v2\/tags?post=4149"}],"curies":[{"name":"wp","href":"https:\/\/api.w.org\/{rel}","templated":true}]}}