{"id":4124,"date":"2012-12-11T11:23:16","date_gmt":"2012-12-11T11:23:16","guid":{"rendered":"https:\/\/www.jedwabno.pl\/?p=4124"},"modified":"2012-12-11T11:23:16","modified_gmt":"2012-12-11T11:23:16","slug":"mistrzostwa-powiatu-szczycienskiego-w-brydzu-sportowym-gok-1-12-2012-rok","status":"publish","type":"post","link":"https:\/\/archiwum.jedwabno.pl\/4124\/mistrzostwa-powiatu-szczycienskiego-w-brydzu-sportowym-gok-1-12-2012-rok","title":{"rendered":"Mistrzostwa Powiatu Szczycie\u0144skiego w Bryd\u017cu Sportowym, GOK 1.12.2012 rok"},"content":{"rendered":"<p>W Gminnym O\u015brodku w Jedwabnie dnia 01.12.2012 roku odby\u0142y si\u0119 MISTRZOSTWA POWIATU SZCZYCIE\u0143SKIEGO W BRYD\u017bU SPORTOWYM PARAMI O PUCHAR STAROSTY SZCZYCIE\u0143SKIEGO. W zawodach wystartowa\u0142o 32 zawodnik\u00f3w tworz\u0105cych 16 par. Zawody rozegrano zgodnie z regulaminem Polskiego Zwi\u0105zku Bryd\u017ca Sportowego. Bryd\u017cy\u015bci na mistrzostwa przyjechali ze Szczytna, Wielbarka, Jedwabna, Pasymia oraz go\u015bcinnie z Biskupca. \u00a0Organizatorem mistrzostw byli: Powiatowe Centrum Sportu, Turystyki i Rekreacji w Szczytnie; Sekcja Bryd\u017ca Sportowego &#8222;SM ODRODZENIE&#8221; Szczytno; Gminny O\u015brodek Kultury w Jedwabnie.<\/p>\n<p><strong>Klasyfikacja ko\u0144cowa:<\/strong><\/p>\n<ol start=\"1\">\n<li>Andrzej Olczak \u00a0 \u00a0 \u00a0 \u00a0 \u00a0 \u00a0 \u00a0 \u00a0 \u00a0 \u00a0 \u00a0\u00a0 &#8211; \u00a0 \u00a0 \u00a0 \u00a0 \u00a0 Robert Ostapczuk \u00a0 \u00a0 \u00a0 \u00a0 \u00a0 \u00a0 \u00a0 \u00a0 \u00a0 \u00a0 \u00a0&#8211; 274 pkt.<\/li>\n<li>Arkadiusz Wojtecki \u00a0 \u00a0 \u00a0 \u00a0 \u00a0 \u00a0 \u00a0 &#8211; \u00a0 \u00a0 \u00a0 \u00a0 \u00a0 Roman Zieli\u0144ski \u00a0 \u00a0 \u00a0 \u00a0 \u00a0 \u00a0 \u00a0 \u00a0 \u00a0 \u00a0 \u00a0 \u00a0 &#8211; 252 pkt.<\/li>\n<li>Janusz Borowi\u0144ski \u00a0 \u00a0 \u00a0 \u00a0 \u00a0 \u00a0 \u00a0 \u00a0 &#8211; \u00a0 \u00a0 \u00a0 \u00a0 \u00a0 Bogdan Lesi\u0144ski \u00a0 \u00a0 \u00a0 \u00a0 \u00a0 \u00a0 \u00a0 \u00a0 \u00a0 \u00a0 \u00a0 \u00a0 &#8211; 241 pkt.<\/li>\n<li>Leszek Mielczarek \u00a0 \u00a0 \u00a0 \u00a0 \u00a0 \u00a0 \u00a0 \u00a0 &#8211; \u00a0 \u00a0 \u00a0 \u00a0 \u00a0 Wojciech Wrze\u015bniowski \u00a0 \u00a0 \u00a0\u00a0 \u00a0\u00a0 &#8211; 236 pkt.<\/li>\n<li>Jerzy Gryzio \u00a0 \u00a0 \u00a0 \u00a0 \u00a0 \u00a0 \u00a0 \u00a0 \u00a0 \u00a0 \u00a0 \u00a0 \u00a0 &#8211; \u00a0 \u00a0 \u00a0 \u00a0 \u00a0 Czes\u0142aw\u00a0 Suchecki \u00a0 \u00a0 \u00a0 \u00a0 \u00a0 \u00a0 \u00a0 \u00a0 \u00a0 \u00a0 \u00a0 &#8211; 234 pkt.<\/li>\n<li>Andrzej Pluci\u0144ski \u00a0 \u00a0 \u00a0 \u00a0 \u00a0 \u00a0 \u00a0 \u00a0\u00a0 &#8211; \u00a0 \u00a0 \u00a0 \u00a0 \u00a0 Tadeusz Wi\u0119ckiewicz \u00a0 \u00a0 \u00a0 \u00a0 \u00a0 \u00a0 \u00a0 &#8211; 217 pkt.<\/li>\n<li>Jaros\u0142aw Jurczenko \u00a0 \u00a0 \u00a0 \u00a0 \u00a0 \u00a0 \u00a0\u00a0 &#8211; \u00a0 \u00a0 \u00a0 \u00a0 \u00a0 Ziemowit Kajzer \u00a0 \u00a0 \u00a0 \u00a0 \u00a0 \u00a0 \u00a0 \u00a0 \u00a0 \u00a0 &#8211; 212 pkt.<\/li>\n<li>Maciej Nowotka \u00a0 \u00a0 \u00a0 \u00a0 \u00a0 \u00a0 \u00a0 \u00a0 \u00a0\u00a0 &#8211; \u00a0 \u00a0 \u00a0 \u00a0 \u00a0 Stanis\u0142aw Nowotka \u00a0 \u00a0 \u00a0 \u00a0 \u00a0 \u00a0 \u00a0 \u00a0 \u00a0 &#8211; 211 pkt.<\/li>\n<li>Wiktor Niewiara \u00a0 \u00a0 \u00a0 \u00a0 \u00a0 \u00a0 \u00a0 \u00a0 \u00a0\u00a0 &#8211; \u00a0 \u00a0 \u00a0 \u00a0 \u00a0 Wojciech Walkiewicz \u00a0 \u00a0 \u00a0 \u00a0 \u00a0 \u00a0\u00a0 \u00a0&#8211; 210 pkt.<\/li>\n<li>Jaros\u0142aw K\u0142osi\u0144ski\u00a0\u00a0\u00a0\u00a0\u00a0\u00a0\u00a0\u00a0\u00a0\u00a0\u00a0\u00a0\u00a0\u00a0\u00a0\u00a0 &#8211;\u00a0\u00a0\u00a0\u00a0\u00a0\u00a0\u00a0\u00a0\u00a0\u00a0 Janusz Roma\u0144ski\u00a0\u00a0\u00a0\u00a0\u00a0\u00a0\u00a0\u00a0\u00a0\u00a0\u00a0\u00a0\u00a0\u00a0\u00a0\u00a0\u00a0\u00a0\u00a0 &#8211; 206 pkt.<\/li>\n<li>Edmund Freund \u00a0 \u00a0 \u00a0 \u00a0 \u00a0 \u00a0 \u00a0 \u00a0 \u00a0\u00a0 &#8211; \u00a0 \u00a0 \u00a0 \u00a0 \u00a0 Piotr Djakowski \u00a0 \u00a0 \u00a0 \u00a0 \u00a0 \u00a0 \u00a0 \u00a0 \u00a0 \u00a0 \u00a0 \u00a0 \u00a0 &#8211; 202 pkt.<\/li>\n<li>Wojciech Bogacki \u00a0 \u00a0 \u00a0 \u00a0 \u00a0 \u00a0 \u00a0 \u00a0\u00a0 &#8211; \u00a0 \u00a0 \u00a0 \u00a0 \u00a0 Maciej Zalewski \u00a0 \u00a0 \u00a0 \u00a0 \u00a0 \u00a0 \u00a0 \u00a0 \u00a0 \u00a0 \u00a0 \u00a0\u00a0 &#8211; 191 pkt.<\/li>\n<li>Waldemar Czarkowski \u00a0 \u00a0 \u00a0 \u00a0\u00a0 &#8211; \u00a0 \u00a0 \u00a0 \u00a0 \u00a0 Stefan Jankowski \u00a0 \u00a0 \u00a0 \u00a0 \u00a0 \u00a0 \u00a0 \u00a0 \u00a0 \u00a0 \u00a0&#8211; 182 pkt.<\/li>\n<li>Bo\u017cena Harbaszewska\u00a0\u00a0\u00a0\u00a0\u00a0\u00a0\u00a0\u00a0\u00a0\u00a0 &#8211;\u00a0\u00a0\u00a0\u00a0\u00a0\u00a0\u00a0\u00a0\u00a0\u00a0 Zbigniew Harbaszewski\u00a0\u00a0\u00a0\u00a0\u00a0\u00a0\u00a0\u00a0 &#8211; 174 pkt.<\/li>\n<li>Halina\u00a0 Bielawska \u00a0 \u00a0 \u00a0 \u00a0 \u00a0 \u00a0 \u00a0 \u00a0\u00a0 &#8211; \u00a0 \u00a0 \u00a0 \u00a0 \u00a0 Szczepan Worobiej \u00a0 \u00a0 \u00a0 \u00a0 \u00a0 \u00a0 \u00a0 \u00a0 \u00a0\u00a0 &#8211; 171 pkt.<\/li>\n<li>El\u017cbieta Nideraus \u00a0 \u00a0 \u00a0 \u00a0 \u00a0 \u00a0 \u00a0 \u00a0\u00a0 &#8211; \u00a0 \u00a0 \u00a0 \u00a0 \u00a0 Wies\u0142aw Nideraus \u00a0 \u00a0 \u00a0 \u00a0 \u00a0 \u00a0 \u00a0 \u00a0 \u00a0\u00a0 \u00a0 &#8211; 147 pkt<\/li>\n<\/ol>\n<p><strong><span style=\"text-decoration: underline;\">\u00a0<\/span><\/strong><\/p>\n<p>&nbsp;<\/p>\n<p>&nbsp;<\/p>\n<p>&nbsp;<\/p>\n<p><strong><br \/>\n<\/strong><\/p>\n","protected":false},"excerpt":{"rendered":"<p>W Gminnym O\u015brodku w Jedwabnie dnia 01.12.2012 roku odby\u0142y si\u0119  [&#8230;]<\/p>\n","protected":false},"author":55,"featured_media":0,"comment_status":"closed","ping_status":"open","sticky":false,"template":"","format":"standard","meta":{"ngg_post_thumbnail":0,"footnotes":""},"categories":[1],"tags":[],"class_list":["post-4124","post","type-post","status-publish","format-standard","hentry","category-wiadomosci"],"_links":{"self":[{"href":"https:\/\/archiwum.jedwabno.pl\/jdbn_json_endpoint\/wp\/v2\/posts\/4124","targetHints":{"allow":["GET"]}}],"collection":[{"href":"https:\/\/archiwum.jedwabno.pl\/jdbn_json_endpoint\/wp\/v2\/posts"}],"about":[{"href":"https:\/\/archiwum.jedwabno.pl\/jdbn_json_endpoint\/wp\/v2\/types\/post"}],"author":[{"embeddable":true,"href":"https:\/\/archiwum.jedwabno.pl\/jdbn_json_endpoint\/wp\/v2\/users\/55"}],"replies":[{"embeddable":true,"href":"https:\/\/archiwum.jedwabno.pl\/jdbn_json_endpoint\/wp\/v2\/comments?post=4124"}],"version-history":[{"count":0,"href":"https:\/\/archiwum.jedwabno.pl\/jdbn_json_endpoint\/wp\/v2\/posts\/4124\/revisions"}],"wp:attachment":[{"href":"https:\/\/archiwum.jedwabno.pl\/jdbn_json_endpoint\/wp\/v2\/media?parent=4124"}],"wp:term":[{"taxonomy":"category","embeddable":true,"href":"https:\/\/archiwum.jedwabno.pl\/jdbn_json_endpoint\/wp\/v2\/categories?post=4124"},{"taxonomy":"post_tag","embeddable":true,"href":"https:\/\/archiwum.jedwabno.pl\/jdbn_json_endpoint\/wp\/v2\/tags?post=4124"}],"curies":[{"name":"wp","href":"https:\/\/api.w.org\/{rel}","templated":true}]}}