{"id":4117,"date":"2012-12-04T09:14:14","date_gmt":"2012-12-04T09:14:14","guid":{"rendered":"https:\/\/www.jedwabno.pl\/?p=4117"},"modified":"2012-12-04T09:14:14","modified_gmt":"2012-12-04T09:14:14","slug":"festiwal-nalewek-i-dobrego-jedzenia-w-nartach-30-11-2012-rok","status":"publish","type":"post","link":"https:\/\/archiwum.jedwabno.pl\/4117\/festiwal-nalewek-i-dobrego-jedzenia-w-nartach-30-11-2012-rok","title":{"rendered":"Festiwal Nalewek i Dobrego Jedzenia w Nartach, 30.11.2012 rok"},"content":{"rendered":"<p>Dnia 30.11.2012 roku w \u015bwietlicy wiejskiej &#8222;Promyczek&#8221; w Nartach odby\u0142a si\u0119 III Edycja Festiwalu Nalewek i Dobrego Jedzenia. Jak co roku zabawa ta po\u0142\u0105czona by\u0142a z Andrzejkami, wi\u0119c nie zabrak\u0142o oczywi\u015bcie wr\u00f3\u017cki. Wytypowano trzy osobow\u0105 Komisj\u0119 Konkursow\u0105, kt\u00f3ra wybra\u0142a zwyci\u0119zc\u0119 Konkursu &#8222;Najlepsza Nalewka 2012&#8221;. Komisja degustowa\u0142a nalewki (nie wiedz\u0105c, kt\u00f3ra jest czyja) i swoje spostrze\u017cenia notowa\u0142a na karcie oceny. Najwy\u017cej zosta\u0142a oceniona nalewka Pani Brygidy Knap.\u00a0 Go\u015bcie wszystkich edycji Festiwali w Nartach szczeg\u00f3lnie upodobali sobie nalewki Pani Brygidy, gdy\u017c jej nalewka zwyci\u0119\u017cy\u0142a ju\u017c po raz trzeci. Nie zabrak\u0142o oczywi\u015bcie dobrego jedzenia oraz zabaw i konkurs\u00f3w. Imprez\u0119 jak co roku zorganizowa\u0142o Stowarzyszenie Rozwoju i Promocji Miejscowo\u015bci Narty.<\/p>\nngg_shortcode_0_placeholder\n","protected":false},"excerpt":{"rendered":"<p>Dnia 30.11.2012 roku w \u015bwietlicy wiejskiej &#8222;Promyczek&#8221; w Nartach odby\u0142a  [&#8230;]<\/p>\n","protected":false},"author":55,"featured_media":4120,"comment_status":"closed","ping_status":"open","sticky":false,"template":"","format":"standard","meta":{"ngg_post_thumbnail":0,"footnotes":""},"categories":[1],"tags":[],"class_list":["post-4117","post","type-post","status-publish","format-standard","has-post-thumbnail","hentry","category-wiadomosci"],"_links":{"self":[{"href":"https:\/\/archiwum.jedwabno.pl\/jdbn_json_endpoint\/wp\/v2\/posts\/4117","targetHints":{"allow":["GET"]}}],"collection":[{"href":"https:\/\/archiwum.jedwabno.pl\/jdbn_json_endpoint\/wp\/v2\/posts"}],"about":[{"href":"https:\/\/archiwum.jedwabno.pl\/jdbn_json_endpoint\/wp\/v2\/types\/post"}],"author":[{"embeddable":true,"href":"https:\/\/archiwum.jedwabno.pl\/jdbn_json_endpoint\/wp\/v2\/users\/55"}],"replies":[{"embeddable":true,"href":"https:\/\/archiwum.jedwabno.pl\/jdbn_json_endpoint\/wp\/v2\/comments?post=4117"}],"version-history":[{"count":0,"href":"https:\/\/archiwum.jedwabno.pl\/jdbn_json_endpoint\/wp\/v2\/posts\/4117\/revisions"}],"wp:featuredmedia":[{"embeddable":true,"href":"https:\/\/archiwum.jedwabno.pl\/jdbn_json_endpoint\/wp\/v2\/media\/4120"}],"wp:attachment":[{"href":"https:\/\/archiwum.jedwabno.pl\/jdbn_json_endpoint\/wp\/v2\/media?parent=4117"}],"wp:term":[{"taxonomy":"category","embeddable":true,"href":"https:\/\/archiwum.jedwabno.pl\/jdbn_json_endpoint\/wp\/v2\/categories?post=4117"},{"taxonomy":"post_tag","embeddable":true,"href":"https:\/\/archiwum.jedwabno.pl\/jdbn_json_endpoint\/wp\/v2\/tags?post=4117"}],"curies":[{"name":"wp","href":"https:\/\/api.w.org\/{rel}","templated":true}]}}