{"id":4026,"date":"2012-11-14T06:52:41","date_gmt":"2012-11-14T06:52:41","guid":{"rendered":"https:\/\/www.jedwabno.pl\/?p=4026"},"modified":"2012-11-14T06:52:41","modified_gmt":"2012-11-14T06:52:41","slug":"pasowanie-na-przedszkolaka-samorzadowego-w-jedwabnie-09-11-2012-rok","status":"publish","type":"post","link":"https:\/\/archiwum.jedwabno.pl\/4026\/pasowanie-na-przedszkolaka-samorzadowego-w-jedwabnie-09-11-2012-rok","title":{"rendered":"Pasowanie na Przedszkolaka Samorz\u0105dowego w Jedwabnie, 09.11.2012 rok"},"content":{"rendered":"<p>W dniu 9 listopada grupa przedszkolna ?PROMYCZKI? obchodzi\u0142a swoje wielkie \u015bwi\u0119to ?Pasowanie na Przedszkolaka Przedszkola Samorz\u0105dowego w Jedwabnie?.\u00a0 Wiele \u0107wicze\u0144 z wychowawc\u0105 i rodzicami, sprawi\u0142y, \u017ce maluszki zaprezentowa\u0142y niezwyk\u0142e umiej\u0119tno\u015bci muzyczne, plastyczne, sportowe i recytatorskie podczas autorskiego spektaklu teatralnego, kt\u00f3ry specjalnie na t\u0119 okazj\u0119 napisa\u0142a p. J. Pietruczuk ? wychowawca grupy. Ca\u0142o\u015bci wydarze\u0144, z u\u015bmiechem na ustach, bacznie przygl\u0105da\u0142y si\u0119 \u00a0rodziny przedszkolak\u00f3w, tj. mamusie, tatusiowie, babcie, ciocie, rodze\u0144stwo oraz przyjaciele rodzin. \u00a0Samego aktu pasowania dokona\u0142a Wicedyrektor Zespo\u0142u Szk\u00f3\u0142 w Jedwabnie Pani El\u017cbieta Sochacka, na co dzieci odpowiada\u0142y szczerym u\u015bmiechem. Podczas uroczysto\u015bci nie zabrak\u0142o tak\u017ce podzi\u0119kowa\u0144 dla rodzic\u00f3w. Dyplomy i kwiaty by\u0142y wyr\u00f3\u017cnieniem dla tych rodzic\u00f3w, kt\u00f3rzy w szczeg\u00f3lny spos\u00f3b zaznaczyli sw\u0105 wsp\u00f3\u0142prac\u0119 z przedszkolem i wychowawc\u0105 grupy ?Promyczki?.<\/p>\n<p>&nbsp;<\/p>\nngg_shortcode_0_placeholder\n","protected":false},"excerpt":{"rendered":"<p>W dniu 9 listopada grupa przedszkolna ?PROMYCZKI? obchodzi\u0142a swoje wielkie  [&#8230;]<\/p>\n","protected":false},"author":55,"featured_media":4030,"comment_status":"closed","ping_status":"open","sticky":false,"template":"","format":"standard","meta":{"ngg_post_thumbnail":0,"footnotes":""},"categories":[1],"tags":[],"class_list":["post-4026","post","type-post","status-publish","format-standard","has-post-thumbnail","hentry","category-wiadomosci"],"_links":{"self":[{"href":"https:\/\/archiwum.jedwabno.pl\/jdbn_json_endpoint\/wp\/v2\/posts\/4026","targetHints":{"allow":["GET"]}}],"collection":[{"href":"https:\/\/archiwum.jedwabno.pl\/jdbn_json_endpoint\/wp\/v2\/posts"}],"about":[{"href":"https:\/\/archiwum.jedwabno.pl\/jdbn_json_endpoint\/wp\/v2\/types\/post"}],"author":[{"embeddable":true,"href":"https:\/\/archiwum.jedwabno.pl\/jdbn_json_endpoint\/wp\/v2\/users\/55"}],"replies":[{"embeddable":true,"href":"https:\/\/archiwum.jedwabno.pl\/jdbn_json_endpoint\/wp\/v2\/comments?post=4026"}],"version-history":[{"count":0,"href":"https:\/\/archiwum.jedwabno.pl\/jdbn_json_endpoint\/wp\/v2\/posts\/4026\/revisions"}],"wp:featuredmedia":[{"embeddable":true,"href":"https:\/\/archiwum.jedwabno.pl\/jdbn_json_endpoint\/wp\/v2\/media\/4030"}],"wp:attachment":[{"href":"https:\/\/archiwum.jedwabno.pl\/jdbn_json_endpoint\/wp\/v2\/media?parent=4026"}],"wp:term":[{"taxonomy":"category","embeddable":true,"href":"https:\/\/archiwum.jedwabno.pl\/jdbn_json_endpoint\/wp\/v2\/categories?post=4026"},{"taxonomy":"post_tag","embeddable":true,"href":"https:\/\/archiwum.jedwabno.pl\/jdbn_json_endpoint\/wp\/v2\/tags?post=4026"}],"curies":[{"name":"wp","href":"https:\/\/api.w.org\/{rel}","templated":true}]}}