{"id":4011,"date":"2012-11-12T19:47:49","date_gmt":"2012-11-12T19:47:49","guid":{"rendered":"https:\/\/www.jedwabno.pl\/?p=4011"},"modified":"2012-11-15T12:34:01","modified_gmt":"2012-11-15T12:34:01","slug":"obchody-swieta-niepodleglosci-11-12-11-2012-rok","status":"publish","type":"post","link":"https:\/\/archiwum.jedwabno.pl\/4011\/obchody-swieta-niepodleglosci-11-12-11-2012-rok","title":{"rendered":"Obchody \u015awi\u0119ta Niepodleg\u0142o\u015bci, 11-12.11.2012 rok"},"content":{"rendered":"<p>Dnia 11 listopada w Ko\u015bciele parafialnym p.w.\u00a0 \u015aw.\u00a0 J\u00f3zefa w Jedwabnie odby\u0142a si\u0119 uroczysta Msza \u015awi\u0119ta za Ojczyzn\u0119. Nast\u0119pnie w Gminnym O\u015brodku Kultury w Jedwabnie m\u0142odzie\u017c uczestnicz\u0105ca\u00a0 w zaj\u0119ciach teatralnych przedstawi\u0142a akademi\u0119 z okazji obchod\u00f3w \u015awi\u0119ta Niepodleg\u0142o\u015bci. Wiecz\u00f3r\u00a0 uwie\u0144czy\u0142 wyst\u0119p zespo\u0142u Yanko Kapela. Z\u0142o\u017cone zosta\u0142y tak\u017ce przez Krzysztofa Otulakowskiego W\u00f3jta Gminy Jedwabno oraz Radnych Gminy Jedwabno, Jerzego Pa\u0142asza Dyrektora Gminnego O\u015brodka Kultury oraz mieszka\u0144c\u00f3w Gminy Jedwabno kwiaty oraz znicze pod Pomnikiem Ofiar Katy\u0144 ? Smole\u0144sk.<\/p>\n<p>Dnia 12 listopada odby\u0142 si\u0119 II Konkurs Piosenki Patriotycznej. W konkursie udzia\u0142 wzi\u0119\u0142o 70 uczestnik\u00f3w z Gminy Jedwabno, \u015awi\u0119tajno, D\u017awierzuty oraz\u00a0 Miasta Szczytno. \u00a0Komisja w sk\u0142adzie: Wies\u0142aw Nideraus ? przewodnicz\u0105cy, Teresa Zalewska, El\u017cbieta Pie\u0144kosz, Arkadiusz G\u00f3rski wytypowa\u0142a nast\u0119puj\u0105cych laureat\u00f3w:<\/p>\n<p>KATEGORIA PRZEDSZKOLE:<\/p>\n<p>I MIEJSCE ? Antoni Michalak<\/p>\n<p>II MIEJSCE ? Dominika Matuszewska<\/p>\n<p>&nbsp;<\/p>\n<p>KATEGORIA ZESPO\u0141Y:<\/p>\n<p>I MIEJSCA\u00a0 &#8211; ?S\u0142oneczka?<\/p>\n<p>II MIEJSCE ? Wiktoria Stempel, Mi\u0142osz Kowalczyk, Bartosz Weso\u0142owski, Maciek Wi\u015bniewski<\/p>\n<p>&nbsp;<\/p>\n<p>KATEGORIA KLASY I-III SZKO\u0141Y PODSTAWOWEJ<\/p>\n<p>I MIEJSCE ? Alia Dzieli\u0144ska<\/p>\n<p>II MIEJSCE ? Wiktoria \u017bywica<\/p>\n<p>III MIEJSCE ? Julia Go\u017adziewska i Szymon Walas<\/p>\n<p>&nbsp;<\/p>\n<p>KATEGORIA KLASY IV-VI SZKO\u0141Y PODSTAWOWEJ<\/p>\n<p>I MIEJSCE &#8211;\u00a0 Natalia Rzepka<\/p>\n<p>II MIEJSCE ? Zuzanna Rokicka<\/p>\n<p>III MIEJSCE &#8211;\u00a0 Miachalina Pankiewicz<\/p>\n<p>&nbsp;<\/p>\n<p>KATEGORIA ZESPO\u0141Y KLASY\u00a0 IV-VI SZKO\u0141Y PODSTAWOWEJ<\/p>\n<p>I MIEJSCE ? Zesp\u00f3\u0142\u00a0 ?Viva?<\/p>\n<p>II MIEJSCE ? Hanna G\u00f3rska<\/p>\n<p>III MIEJSCE ? Julia Stachowicz i Julia Dunajska<\/p>\n<p>&nbsp;<\/p>\n<p>KATEGORIA GIMNAZJUM<\/p>\n<p>I MIEJSCE ? Aleksandra Lubowiecka<\/p>\n<p>II MIEJSCE ? Katarzyna Gronowska<\/p>\n<p>III MIEJSCE- Aleksandra Chudzik<\/p>\n<p>&nbsp;<\/p>\n<p>Scenografi\u0119 wykona\u0142a grupa dekoracyjna prowadzona przez Joann\u0119 Wi\u015bniewsk\u0105 dzia\u0142aj\u0105ca przy Gminnym O\u015brodku kultury w Jedwabnie.<\/p>\n<p>&nbsp;<\/p>\nngg_shortcode_0_placeholder\n<p>&nbsp;<\/p>\n<p>&nbsp;<\/p>\n","protected":false},"excerpt":{"rendered":"<p>Dnia 11 listopada w Ko\u015bciele parafialnym p.w.\u00a0 \u015aw.\u00a0 J\u00f3zefa w  [&#8230;]<\/p>\n","protected":false},"author":55,"featured_media":4019,"comment_status":"closed","ping_status":"open","sticky":false,"template":"","format":"standard","meta":{"ngg_post_thumbnail":0,"footnotes":""},"categories":[1],"tags":[],"class_list":["post-4011","post","type-post","status-publish","format-standard","has-post-thumbnail","hentry","category-wiadomosci"],"_links":{"self":[{"href":"https:\/\/archiwum.jedwabno.pl\/jdbn_json_endpoint\/wp\/v2\/posts\/4011","targetHints":{"allow":["GET"]}}],"collection":[{"href":"https:\/\/archiwum.jedwabno.pl\/jdbn_json_endpoint\/wp\/v2\/posts"}],"about":[{"href":"https:\/\/archiwum.jedwabno.pl\/jdbn_json_endpoint\/wp\/v2\/types\/post"}],"author":[{"embeddable":true,"href":"https:\/\/archiwum.jedwabno.pl\/jdbn_json_endpoint\/wp\/v2\/users\/55"}],"replies":[{"embeddable":true,"href":"https:\/\/archiwum.jedwabno.pl\/jdbn_json_endpoint\/wp\/v2\/comments?post=4011"}],"version-history":[{"count":0,"href":"https:\/\/archiwum.jedwabno.pl\/jdbn_json_endpoint\/wp\/v2\/posts\/4011\/revisions"}],"wp:featuredmedia":[{"embeddable":true,"href":"https:\/\/archiwum.jedwabno.pl\/jdbn_json_endpoint\/wp\/v2\/media\/4019"}],"wp:attachment":[{"href":"https:\/\/archiwum.jedwabno.pl\/jdbn_json_endpoint\/wp\/v2\/media?parent=4011"}],"wp:term":[{"taxonomy":"category","embeddable":true,"href":"https:\/\/archiwum.jedwabno.pl\/jdbn_json_endpoint\/wp\/v2\/categories?post=4011"},{"taxonomy":"post_tag","embeddable":true,"href":"https:\/\/archiwum.jedwabno.pl\/jdbn_json_endpoint\/wp\/v2\/tags?post=4011"}],"curies":[{"name":"wp","href":"https:\/\/api.w.org\/{rel}","templated":true}]}}