{"id":3981,"date":"2012-11-02T16:01:56","date_gmt":"2012-11-02T16:01:56","guid":{"rendered":"https:\/\/www.jedwabno.pl\/?p=3981"},"modified":"2012-11-18T12:26:52","modified_gmt":"2012-11-18T12:26:52","slug":"podsumowanie-projektu-%e2%80%9epoznaj-swoj-region-tancem-ludowym","status":"publish","type":"post","link":"https:\/\/archiwum.jedwabno.pl\/3981\/podsumowanie-projektu-%e2%80%9epoznaj-swoj-region-tancem-ludowym","title":{"rendered":"Podsumowanie projektu ?Poznaj sw\u00f3j region ta\u0144cem ludowym?"},"content":{"rendered":"<p>&nbsp;<\/p>\n<p>W dniu 28 pa\u017adziernika 2012 roku w Gminnym O\u015brodku Kultury w Jedwabnie odby\u0142 si\u0119 koncert pod tytu\u0142em ?Na wielki polski bal?? po\u0142\u0105czony z wyst\u0119pami scenicznymi dzieci, kt\u00f3re w okresie od 01.05.2012r do 31.10.2012r uczestniczy\u0142y w warsztatach tanecznych w ramach projektu ?Poznaj sw\u00f3j region ta\u0144cem ludowym?.<br \/>\nSwoje osi\u0105gni\u0119cia artystyczne zaprezentowa\u0142y dzieci ze \u015bwietlic w Burd\u0105gu, Witowie, Nowym Dworze i Szuci. Publiczno\u015b\u0107 entuzjastycznie nagrodzi\u0142a gromkimi brawami najm\u0142odszych wykonawc\u00f3w patrz\u0105c z podziwem na ich uzdolnienia i zapa\u0142 na scenie pomimo m\u0142odego wieku niekt\u00f3rych uczestnik\u00f3w ? 4 , 5 lat.<br \/>\nProgram imprezy zosta\u0142 wzbogacony wyst\u0119pem teatralnym przedstawiaj\u0105cym legendy o Witowie w wykonaniu dzieci z Witowa pod kierunkiem Pani Danuty Orzo\u0142ek.<br \/>\nWyst\u0119py dzieci zosta\u0142y poprzedzone prezentacjami filmowymi podsumowuj\u0105cymi warsztaty teatralne i taneczne.<br \/>\nPunktem kulminacyjnym tego dnia by\u0142 wyst\u0119p Zespo\u0142u Pie\u015bni i Ta\u0144ca JEDWABNO nawi\u0105zuj\u0105cy do tytu\u0142u imprezy ?Na wielki polski bal?? z<br \/>\nta\u0144cami narodowymi i narracj\u0105 Pana Wies\u0142awa Nideraus. Choreografi\u0119 koncertu przygotowa\u0142a Pani Anna Sarnowska.<\/p>\n<p>Stowarzyszenie Kulturalne TANECZNIK serdecznie dzi\u0119kuje wszystkim uczestnikom warsztat\u00f3w tanecznych, Pani Danucie Orzo\u0142ek za bezinteresown\u0105 wsp\u00f3\u0142prac\u0119 oraz Pani Annie Sarnowskiej za wskaz\u00f3wki choreograficzne w \u015bwietlicach oraz jak zwykle pi\u0119kn\u0105 choreografi\u0119 sceniczn\u0105.<\/p>\n<p>&nbsp;<\/p>\n<p><iframe src=\"http:\/\/www.youtube.com\/embed\/lmtJd1pyU-M\" frameborder=\"0\" width=\"420\" height=\"315\"><\/iframe><br \/>\n<iframe src=\"http:\/\/www.youtube.com\/embed\/BtzEY0XXVB0\" frameborder=\"0\" width=\"420\" height=\"315\"><\/iframe><\/p>\nngg_shortcode_0_placeholder\n","protected":false},"excerpt":{"rendered":"<p>&nbsp; W dniu 28 pa\u017adziernika 2012 roku w Gminnym O\u015brodku  [&#8230;]<\/p>\n","protected":false},"author":55,"featured_media":3993,"comment_status":"closed","ping_status":"open","sticky":false,"template":"","format":"standard","meta":{"ngg_post_thumbnail":0,"footnotes":""},"categories":[1],"tags":[],"class_list":["post-3981","post","type-post","status-publish","format-standard","has-post-thumbnail","hentry","category-wiadomosci"],"_links":{"self":[{"href":"https:\/\/archiwum.jedwabno.pl\/jdbn_json_endpoint\/wp\/v2\/posts\/3981","targetHints":{"allow":["GET"]}}],"collection":[{"href":"https:\/\/archiwum.jedwabno.pl\/jdbn_json_endpoint\/wp\/v2\/posts"}],"about":[{"href":"https:\/\/archiwum.jedwabno.pl\/jdbn_json_endpoint\/wp\/v2\/types\/post"}],"author":[{"embeddable":true,"href":"https:\/\/archiwum.jedwabno.pl\/jdbn_json_endpoint\/wp\/v2\/users\/55"}],"replies":[{"embeddable":true,"href":"https:\/\/archiwum.jedwabno.pl\/jdbn_json_endpoint\/wp\/v2\/comments?post=3981"}],"version-history":[{"count":0,"href":"https:\/\/archiwum.jedwabno.pl\/jdbn_json_endpoint\/wp\/v2\/posts\/3981\/revisions"}],"wp:featuredmedia":[{"embeddable":true,"href":"https:\/\/archiwum.jedwabno.pl\/jdbn_json_endpoint\/wp\/v2\/media\/3993"}],"wp:attachment":[{"href":"https:\/\/archiwum.jedwabno.pl\/jdbn_json_endpoint\/wp\/v2\/media?parent=3981"}],"wp:term":[{"taxonomy":"category","embeddable":true,"href":"https:\/\/archiwum.jedwabno.pl\/jdbn_json_endpoint\/wp\/v2\/categories?post=3981"},{"taxonomy":"post_tag","embeddable":true,"href":"https:\/\/archiwum.jedwabno.pl\/jdbn_json_endpoint\/wp\/v2\/tags?post=3981"}],"curies":[{"name":"wp","href":"https:\/\/api.w.org\/{rel}","templated":true}]}}