{"id":3931,"date":"2012-10-23T10:05:17","date_gmt":"2012-10-23T10:05:17","guid":{"rendered":"https:\/\/www.jedwabno.pl\/?p=3931"},"modified":"2012-10-23T11:04:00","modified_gmt":"2012-10-23T11:04:00","slug":"wystawa-obrazow-beaty-jankowskiej-muzeum-mazurskie-19-10-2012-rok","status":"publish","type":"post","link":"https:\/\/archiwum.jedwabno.pl\/3931\/wystawa-obrazow-beaty-jankowskiej-muzeum-mazurskie-19-10-2012-rok","title":{"rendered":"Wystawa obraz\u00f3w Beaty Jankowskiej, Muzeum Mazurskie 19.10.2012 rok"},"content":{"rendered":"<p>Dnia 19.10.2012 roku w Muzeum Mazurskim w Szczytnie odby\u0142o si\u0119 otwarcie wystawy obraz\u00f3w Beaty Jankowskiej pt. &#8222;KOBIETY&#8221;. W programie by\u0142 wernisa\u017c, muzyczna uczta oraz s\u0142odki pocz\u0119stunek.<\/p>\n<p>&nbsp;<\/p>\n<p><em>&#8222;W \u017cyciu zajmowa\u0142am si\u0119 r\u00f3\u017cnymi rzeczami. By\u0142am nauczycielk\u0105, mam\u0105, \u017con\u0105, przedstawicielem handlowym, prowadzi\u0142am warsztaty malarskie. \u00a0Obrazy towarzyszy\u0142y mi od zawsze. Temat &#8222;Kobieta&#8221; i poszukiwanie odpowiedzi na pytania CO ZNACZY BY\u0106 KOBIET\u0104\/ i KIM JEST KOBIETA? Pierwsze kobiety na moich portretach mia\u0142y skrzyd\u0142a anio\u0142\u00f3w, motyli. Gdzies odfruwa\u0142y &#8211; by\u0142y nierzeczywiste, a\u017c przyszed\u0142 czas kola\u017cy. Dzi\u0119ki nim mog\u0142am zacz\u0105\u0107 przygl\u0105da\u0107 si\u0119 nam, kobietom poprzez zdj\u0119cia. Wklejam, przerysowuj\u0119&#8230;itd. Przygl\u0105dam si\u0119 uwa\u017cnie. Zagl\u0105dam im do wn\u0119trza. To co jest w \u015brodku odwracam na zewn\u0105trz&#8230;\u00a0<\/em><\/p>\n<p><em>Kola\u017cami zajmuj\u0119 si\u0119 od ponad roku. Kola\u017c jest \u015bwietnym sposobem do pokazania JAKIE JESTE\u015aMY. Wernisa\u017ce zazwyczaj organizuj\u0119 sobie sama, kiedy przychodzi czas, \u017ce ju\u017c chc\u0119 pokaza\u0107 co namalowa\u0142am. Wiesza\u0142am wi\u0119c swoje obrazy i w szk\u00f3\u0142ce policyjne i w bibliotece pedagogicznej i w bibliotece na olszty\u0144skiej star\u00f3wce, ale najbardziej lubi\u0119, kiedy wisz\u0105 przy kobietach, kt\u00f3re sportretowa\u0142am &#8211; w ich domach.&#8221;<\/em><\/p>\n<p><em>\u00a0 \u00a0 \u00a0 \u00a0 \u00a0 \u00a0 \u00a0 \u00a0 \u00a0 \u00a0 \u00a0 \u00a0Beata Jankowska<\/em><\/p>\n<p>&nbsp;<\/p>\nngg_shortcode_0_placeholder\n<p>&nbsp;<\/p>\n<p>Wi\u0119cej informacji znajdziecie Pa\u0144stwo na stronie Muzeum Mazurskiego w Szczytnie:<\/p>\n<p><a href=\"http:\/\/www.muzeumszczytno.art.pl\/\">http:\/\/www.muzeumszczytno.art.pl\/<\/a><\/p>\n<p>&nbsp;<\/p>\n","protected":false},"excerpt":{"rendered":"<p>Dnia 19.10.2012 roku w Muzeum Mazurskim w Szczytnie odby\u0142o si\u0119  [&#8230;]<\/p>\n","protected":false},"author":55,"featured_media":3939,"comment_status":"closed","ping_status":"open","sticky":false,"template":"","format":"standard","meta":{"ngg_post_thumbnail":0,"footnotes":""},"categories":[1],"tags":[],"class_list":["post-3931","post","type-post","status-publish","format-standard","has-post-thumbnail","hentry","category-wiadomosci"],"_links":{"self":[{"href":"https:\/\/archiwum.jedwabno.pl\/jdbn_json_endpoint\/wp\/v2\/posts\/3931","targetHints":{"allow":["GET"]}}],"collection":[{"href":"https:\/\/archiwum.jedwabno.pl\/jdbn_json_endpoint\/wp\/v2\/posts"}],"about":[{"href":"https:\/\/archiwum.jedwabno.pl\/jdbn_json_endpoint\/wp\/v2\/types\/post"}],"author":[{"embeddable":true,"href":"https:\/\/archiwum.jedwabno.pl\/jdbn_json_endpoint\/wp\/v2\/users\/55"}],"replies":[{"embeddable":true,"href":"https:\/\/archiwum.jedwabno.pl\/jdbn_json_endpoint\/wp\/v2\/comments?post=3931"}],"version-history":[{"count":0,"href":"https:\/\/archiwum.jedwabno.pl\/jdbn_json_endpoint\/wp\/v2\/posts\/3931\/revisions"}],"wp:featuredmedia":[{"embeddable":true,"href":"https:\/\/archiwum.jedwabno.pl\/jdbn_json_endpoint\/wp\/v2\/media\/3939"}],"wp:attachment":[{"href":"https:\/\/archiwum.jedwabno.pl\/jdbn_json_endpoint\/wp\/v2\/media?parent=3931"}],"wp:term":[{"taxonomy":"category","embeddable":true,"href":"https:\/\/archiwum.jedwabno.pl\/jdbn_json_endpoint\/wp\/v2\/categories?post=3931"},{"taxonomy":"post_tag","embeddable":true,"href":"https:\/\/archiwum.jedwabno.pl\/jdbn_json_endpoint\/wp\/v2\/tags?post=3931"}],"curies":[{"name":"wp","href":"https:\/\/api.w.org\/{rel}","templated":true}]}}