{"id":3903,"date":"2012-10-16T07:24:39","date_gmt":"2012-10-16T07:24:39","guid":{"rendered":"https:\/\/www.jedwabno.pl\/?p=3903"},"modified":"2012-10-16T07:24:39","modified_gmt":"2012-10-16T07:24:39","slug":"pasowanie-na-ucznia-klasy-i-gok-12-10-2012","status":"publish","type":"post","link":"https:\/\/archiwum.jedwabno.pl\/3903\/pasowanie-na-ucznia-klasy-i-gok-12-10-2012","title":{"rendered":"Pasowanie na ucznia klasy I, GOK 12.10.2012"},"content":{"rendered":"<p>Dnia 12.10.2012 rok w Gminnym O\u015brodku Kultury w Jedwabnie odby\u0142a si\u0119 uroczysto\u015b\u0107 przyj\u0119cia przez Dyrektora i Rad\u0119 Pedagogiczn\u0105 nowych cz\u0142onk\u00f3w do braci uczniowskiej Szko\u0142y Podstawowej w Jedwabnie. I tak, Mariusz Dobrzy\u0144ski Dyrektor Zespo\u0142u Szk\u00f3\u0142 w Jedwabnie wraz z El\u017cbiet\u0105 Sochack\u0105 Wicedyrektor przeprowadzili Pasowanie na Ucznia. Pierwszoklasi\u015bci z\u0142o\u017cyli \u015blubowanie o nast\u0119puj\u0105cej tre\u015bci:<\/p>\n<p style=\"text-align: center;\"><strong>\u015alubuj\u0119 uroczy\u015bcie!<\/strong><\/p>\n<p style=\"text-align: center;\"><strong>B\u0119d\u0119 stara\u0142 si\u0119 by\u0107 dobrym i uczciwym.<\/strong><\/p>\n<p style=\"text-align: center;\"><strong>B\u0119d\u0119 strzeg\u0142 honoru i dobrego imienia szko\u0142y.<\/strong><\/p>\n<p style=\"text-align: center;\"><strong>B\u0119d\u0119 szanowa\u0142 swoich nauczycieli, prze\u0142o\u017conych i rodzic\u00f3w.<\/strong><\/p>\n<p style=\"text-align: center;\"><strong>B\u0119d\u0119 uczy\u0142 si\u0119 tego co pi\u0119kne.<\/strong><\/p>\n<p style=\"text-align: center;\"><strong>B\u0119d\u0119 kocha\u0142 swoj\u0105 Ojczyzn\u0119.\u00a0<\/strong><\/p>\n<p>&nbsp;<\/p>\n<p>&nbsp;<\/p>\nngg_shortcode_0_placeholder\n","protected":false},"excerpt":{"rendered":"<p>Dnia 12.10.2012 rok w Gminnym O\u015brodku Kultury w Jedwabnie odby\u0142a  [&#8230;]<\/p>\n","protected":false},"author":55,"featured_media":3907,"comment_status":"closed","ping_status":"open","sticky":false,"template":"","format":"standard","meta":{"ngg_post_thumbnail":0,"footnotes":""},"categories":[1],"tags":[],"class_list":["post-3903","post","type-post","status-publish","format-standard","has-post-thumbnail","hentry","category-wiadomosci"],"_links":{"self":[{"href":"https:\/\/archiwum.jedwabno.pl\/jdbn_json_endpoint\/wp\/v2\/posts\/3903","targetHints":{"allow":["GET"]}}],"collection":[{"href":"https:\/\/archiwum.jedwabno.pl\/jdbn_json_endpoint\/wp\/v2\/posts"}],"about":[{"href":"https:\/\/archiwum.jedwabno.pl\/jdbn_json_endpoint\/wp\/v2\/types\/post"}],"author":[{"embeddable":true,"href":"https:\/\/archiwum.jedwabno.pl\/jdbn_json_endpoint\/wp\/v2\/users\/55"}],"replies":[{"embeddable":true,"href":"https:\/\/archiwum.jedwabno.pl\/jdbn_json_endpoint\/wp\/v2\/comments?post=3903"}],"version-history":[{"count":0,"href":"https:\/\/archiwum.jedwabno.pl\/jdbn_json_endpoint\/wp\/v2\/posts\/3903\/revisions"}],"wp:featuredmedia":[{"embeddable":true,"href":"https:\/\/archiwum.jedwabno.pl\/jdbn_json_endpoint\/wp\/v2\/media\/3907"}],"wp:attachment":[{"href":"https:\/\/archiwum.jedwabno.pl\/jdbn_json_endpoint\/wp\/v2\/media?parent=3903"}],"wp:term":[{"taxonomy":"category","embeddable":true,"href":"https:\/\/archiwum.jedwabno.pl\/jdbn_json_endpoint\/wp\/v2\/categories?post=3903"},{"taxonomy":"post_tag","embeddable":true,"href":"https:\/\/archiwum.jedwabno.pl\/jdbn_json_endpoint\/wp\/v2\/tags?post=3903"}],"curies":[{"name":"wp","href":"https:\/\/api.w.org\/{rel}","templated":true}]}}