{"id":3865,"date":"2012-10-08T10:33:38","date_gmt":"2012-10-08T10:33:38","guid":{"rendered":"https:\/\/www.jedwabno.pl\/?p=3865"},"modified":"2012-10-08T10:33:38","modified_gmt":"2012-10-08T10:33:38","slug":"laureaci-konkursu-estetyczna-zagroda-2012","status":"publish","type":"post","link":"https:\/\/archiwum.jedwabno.pl\/3865\/laureaci-konkursu-estetyczna-zagroda-2012","title":{"rendered":"Laureaci konkursu &#8222;Estetyczna Zagroda 2012&#8221;"},"content":{"rendered":"<p><strong>Konkurs ?Estetyczna Zagroda 2012? rozstrzygni\u0119ty!<\/strong> Celem konkursu by\u0142a poprawa stanu sanitarnego i estetycznego posesji w miejscowo\u015bci Jedwabno oraz zach\u0119cenie mieszka\u0144c\u00f3w do dba\u0142o\u015bci o pi\u0119kno i estetyk\u0119 swojego najbli\u017cszego otoczenia. Organizatorem konkursy by\u0142o So\u0142ectwo Jedwabno oraz Gminny O\u015brodek Kultury w Jedwabnie. Nagrody w konkursie przyznane by\u0142y w ramach wykorzystania zaplanowanych \u015brodk\u00f3w funduszu so\u0142eckiego so\u0142ectwa Jedwabno na rok 2011.<\/p>\n<p>Do konkursu zg\u0142oszono 7 posesji. Nast\u0119pnie Komisja Konkursowa w sk\u0142adzie: Jan Mil (Przewodnicz\u0105cy), Izabela W\u0142odkowska, Klaudia Piersa, Alicja Olszewska dokonali lustracji zg\u0142oszonych zagr\u00f3d. Kryteria, kt\u00f3rymi kierowa\u0142a si\u0119 Komisja podczas wyboru estetycznej zagrody to: og\u00f3lne wra\u017canie estetyczne ogrodu; pomys\u0142owo\u015b\u0107 i oryginalno\u015b\u0107 rabat, klomb\u00f3w, skalniak\u00f3w; stan trawnika; r\u00f3\u017cnorodno\u015b\u0107 ro\u015blinna ? nasadzenia; \u0142ad, porz\u0105dek i kolorystyka ogrodu; wygl\u0105d i elewacja budynk\u00f3w (schludno\u015b\u0107); stan ogrodzenia; czysto\u015b\u0107 posesji.<\/p>\n<p>Dnia 06.10.2012 roku w Gminnym O\u015brodku Kultury w Jedwabnie odby\u0142a si\u0119 uroczysto\u015b\u0107 rozstrzygni\u0119cia konkursu. Na scenie zaprezentowa\u0142 si\u0119 Edward Sosna w spektaklu ?Obrona Sokratesa?, uczestnicy konkursu mogli tak\u017ce podziwia\u0107 swoje posesje na fotografiach zawartych w prezentacji, a po cz\u0119\u015bci oficjalnej udali si\u0119 na s\u0142odki pocz\u0119stunek. Ciep\u0142e s\u0142owa oraz gratulacje uczestnicy konkursu us\u0142yszeli tak\u017ce od Krzysztofa Otulakowskiego W\u00f3jta Gminy Jedwabno oraz Marii Sienkiewicz Przewodnicz\u0105cej Rady Gminy Jedwabno. Dekoracj\u0119 sceny wykona\u0142a Alicja Olszewska (Kwiaciarnia ?Wrzos?).<\/p>\n<p style=\"text-align: center;\"><strong>Laureatami I edycji konkursu ?Estetyczna Zagroda 2012? zostali:<\/strong><\/p>\n<p style=\"text-align: center;\"><strong>I miejsce ? Halina \u0141azicka<\/strong> (bon o warto\u015bci 750,00 z\u0142otych na zakup nagrody rzeczowej z wykorzystaniem w ogrodzie)<\/p>\n<p style=\"text-align: center;\"><strong>II miejsce ? Teresa Pakos<\/strong> (bon o warto\u015bci 600,00 z\u0142otych na zakup nagrody rzeczowej z wykorzystaniem w ogrodzie)<\/p>\n<p style=\"text-align: center;\"><strong>III miejsce Ryszard Niski<\/strong> (bon o warto\u015bci 450,00 z\u0142otych na zakup nagrody rzeczowej z wykorzystaniem w ogrodzie)<\/p>\n<p>&nbsp;<\/p>\n<p>Laureatom gratulujemy, a wszystkim uczestnikom konkursu ?Estetyczna Zagroda 2012? serdecznie dzi\u0119kujemy za udzia\u0142 w nim. Ju\u017c teraz zapraszamy wszystkich ch\u0119tnych do udzia\u0142u w II edycji konkursu ?Estetyczna Zagroda?.<\/p>\n<p>&nbsp;<\/p>\n<p><strong>Uroczysto\u015b\u0107 wr\u0119czenia nagr\u00f3d:<\/strong><\/p>\nngg_shortcode_0_placeholder\n<p><em>Zdj\u0119cia : Izabela W\u0142odkowska, Andrzej Olszewski (Kurek Mazurski)<\/em><\/p>\n<p><strong>Estetyczne Zagrody laureat\u00f3w konkursu:\u00a0<\/strong><\/p>\n<p>Halina \u0141azicka &#8211; I miejsce<\/p>\nngg_shortcode_1_placeholder\n<p>Teresa Pakos &#8211; II miejsce<\/p>\nngg_shortcode_2_placeholder\n<p>Ryszard Niski &#8211; III miejsce<\/p>\nngg_shortcode_3_placeholder\n<p><strong>Estetyczne Zagrody pozosta\u0142ych uczestnik\u00f3w konkursu:<\/strong><\/p>\n<p>Teresa Adamowsky<\/p>\nngg_shortcode_4_placeholder\n<p>Ewa Szempli\u0144ska<\/p>\nngg_shortcode_5_placeholder\n<p>Romana i Stanis\u0142aw Gnoza<\/p>\nngg_shortcode_6_placeholder\n<p>Ewa i Jacek Kurzeja<\/p>\nngg_shortcode_7_placeholder\n<p>&nbsp;<\/p>\n<p><em>Zdj\u0119cia: Izabela W\u0142odkowska i Jan Mil\u00a0<\/em><\/p>\n<p>&nbsp;<\/p>\n<p>&nbsp;<\/p>\n","protected":false},"excerpt":{"rendered":"<p>Konkurs ?Estetyczna Zagroda 2012? rozstrzygni\u0119ty! Celem konkursu by\u0142a poprawa stanu  [&#8230;]<\/p>\n","protected":false},"author":55,"featured_media":3876,"comment_status":"closed","ping_status":"open","sticky":false,"template":"","format":"standard","meta":{"ngg_post_thumbnail":0,"footnotes":""},"categories":[1],"tags":[],"class_list":["post-3865","post","type-post","status-publish","format-standard","has-post-thumbnail","hentry","category-wiadomosci"],"_links":{"self":[{"href":"https:\/\/archiwum.jedwabno.pl\/jdbn_json_endpoint\/wp\/v2\/posts\/3865","targetHints":{"allow":["GET"]}}],"collection":[{"href":"https:\/\/archiwum.jedwabno.pl\/jdbn_json_endpoint\/wp\/v2\/posts"}],"about":[{"href":"https:\/\/archiwum.jedwabno.pl\/jdbn_json_endpoint\/wp\/v2\/types\/post"}],"author":[{"embeddable":true,"href":"https:\/\/archiwum.jedwabno.pl\/jdbn_json_endpoint\/wp\/v2\/users\/55"}],"replies":[{"embeddable":true,"href":"https:\/\/archiwum.jedwabno.pl\/jdbn_json_endpoint\/wp\/v2\/comments?post=3865"}],"version-history":[{"count":0,"href":"https:\/\/archiwum.jedwabno.pl\/jdbn_json_endpoint\/wp\/v2\/posts\/3865\/revisions"}],"wp:featuredmedia":[{"embeddable":true,"href":"https:\/\/archiwum.jedwabno.pl\/jdbn_json_endpoint\/wp\/v2\/media\/3876"}],"wp:attachment":[{"href":"https:\/\/archiwum.jedwabno.pl\/jdbn_json_endpoint\/wp\/v2\/media?parent=3865"}],"wp:term":[{"taxonomy":"category","embeddable":true,"href":"https:\/\/archiwum.jedwabno.pl\/jdbn_json_endpoint\/wp\/v2\/categories?post=3865"},{"taxonomy":"post_tag","embeddable":true,"href":"https:\/\/archiwum.jedwabno.pl\/jdbn_json_endpoint\/wp\/v2\/tags?post=3865"}],"curies":[{"name":"wp","href":"https:\/\/api.w.org\/{rel}","templated":true}]}}