{"id":3767,"date":"2012-09-17T12:40:48","date_gmt":"2012-09-17T12:40:48","guid":{"rendered":"https:\/\/www.jedwabno.pl\/?p=3767"},"modified":"2012-09-17T12:41:20","modified_gmt":"2012-09-17T12:41:20","slug":"festyn-rodzinny-pieczony-ziemniak-szuc-15-09-2012-rok","status":"publish","type":"post","link":"https:\/\/archiwum.jedwabno.pl\/3767\/festyn-rodzinny-pieczony-ziemniak-szuc-15-09-2012-rok","title":{"rendered":"Festyn rodzinny &#8222;Pieczony ziemniak&#8221;, Szu\u0107 15.09.2012 rok"},"content":{"rendered":"<p>15 wrze\u015bnia, w Szuci odby\u0142 si\u0119 festyn rodzinny. Dla dzieci przygotowano szereg atrakcji: zabawy na trampolinie, na zje\u017cd\u017calni, kule wodne, wat\u0119 cukrow\u0105 i popcorn. Nadle\u015bnictwo Jedwabno, jak zawsze niezawodne przygotowa\u0142o interesuj\u0105ce stoisko edukacyjne oraz wiele konkurs\u00f3w dla wszystkich, kt\u00f3rzy chcieli sprawdzi\u0107 swoj\u0105 wiedz\u0119 o lesie. Poprawne odpowiedzi by\u0142y nagradzane ciekawymi nagrodami. Gmina Jedwabno natomiast przygotowa\u0142a stoisko promuj\u0105ce ochron\u0119 \u015brodowiska pod has\u0142em &#8222;\u015amieci segregujemy- taniej \u017cyjemy&#8221;. Stoisko wzbudzi\u0142o spore zainteresowanie w\u015br\u00f3d uczestnik\u00f3w festynu. Nagrodami by\u0142y zabawki promuj\u0105ce segregacj\u0119 \u015bmieci, oraz maskotki i s\u0142odycze. Przeprowadzone zosta\u0142y konkursy rzutu ziemniakiem i niesienie ziemniaka na \u0142y\u017ceczce, kt\u00f3re poprowadzi\u0142a Dominika Wyszy\u0144ska.<\/p>\n<p>Tego dnia mo\u017cna by\u0142o bardzo mi\u0142o sp\u0119dzi\u0107 czas przy muzyce zespo\u0142u disco polo RED STARS, a tak\u017ce zakosztowa\u0107 specja\u0142\u00f3w kulinarnych przygotowanych przez miejscowe gospodynie. Nie zabrak\u0142o te\u017c ogniska, przygotowanego przez stra\u017cak\u00f3w z OSP Szu\u0107 i kulinarnego przeboju &#8211; pysznych &#8222;stra\u017cackich ziemniak\u00f3w&#8221;.<\/p>\n<p>Chocia\u017c wrze\u015bniowy wiecz\u00f3r by\u0142 ju\u017c lekko ch\u0142odny, mieszka\u0144cy wsi Szu\u0107 oraz okolicznych wiosek bawili si\u0119 do p\u00f3\u017anych godzin. W festynie wzi\u0119li udzia\u0142 liczni sponsorzy zabawy, a tak\u017ce w\u0142adze samorz\u0105dowe: Wicestarosta Powiatu Szczycie\u0144skiego Sylwia Jaskulska, W\u00f3jt Gminy Jedwabno Krzysztof Otulakowski oraz Przewodnicz\u0105ca Rady Gminy Jedwabno Maria Sienkiewicz. Na festynie goszczono r\u00f3wnie\u017c W\u00f3jta Gminy Wielbark Grzegorza Zapadk\u0119.<\/p>\n<p>So\u0142tys Wsi Szu\u0107, Marianna Bara\u0144ska, z ca\u0142ego serca dzi\u0119kuje wszystkim wsp\u00f3\u0142organizatorom festynu, sponsorom festynu oraz wszystkim \u017cyczliwym osobom, kt\u00f3re przyczyni\u0142y si\u0119 do realizacji tak udanej zabawy dla ca\u0142ych rodzin, jaka mia\u0142a miejsce 15 wrze\u015bnia na festynie &#8222;Pieczony Ziemniak&#8221; w Szuci.<\/p>\n<p>&nbsp;<\/p>\nngg_shortcode_0_placeholder\n","protected":false},"excerpt":{"rendered":"<p>15 wrze\u015bnia, w Szuci odby\u0142 si\u0119 festyn rodzinny. Dla dzieci  [&#8230;]<\/p>\n","protected":false},"author":55,"featured_media":3769,"comment_status":"closed","ping_status":"open","sticky":false,"template":"","format":"standard","meta":{"ngg_post_thumbnail":0,"footnotes":""},"categories":[1],"tags":[],"class_list":["post-3767","post","type-post","status-publish","format-standard","has-post-thumbnail","hentry","category-wiadomosci"],"_links":{"self":[{"href":"https:\/\/archiwum.jedwabno.pl\/jdbn_json_endpoint\/wp\/v2\/posts\/3767","targetHints":{"allow":["GET"]}}],"collection":[{"href":"https:\/\/archiwum.jedwabno.pl\/jdbn_json_endpoint\/wp\/v2\/posts"}],"about":[{"href":"https:\/\/archiwum.jedwabno.pl\/jdbn_json_endpoint\/wp\/v2\/types\/post"}],"author":[{"embeddable":true,"href":"https:\/\/archiwum.jedwabno.pl\/jdbn_json_endpoint\/wp\/v2\/users\/55"}],"replies":[{"embeddable":true,"href":"https:\/\/archiwum.jedwabno.pl\/jdbn_json_endpoint\/wp\/v2\/comments?post=3767"}],"version-history":[{"count":0,"href":"https:\/\/archiwum.jedwabno.pl\/jdbn_json_endpoint\/wp\/v2\/posts\/3767\/revisions"}],"wp:featuredmedia":[{"embeddable":true,"href":"https:\/\/archiwum.jedwabno.pl\/jdbn_json_endpoint\/wp\/v2\/media\/3769"}],"wp:attachment":[{"href":"https:\/\/archiwum.jedwabno.pl\/jdbn_json_endpoint\/wp\/v2\/media?parent=3767"}],"wp:term":[{"taxonomy":"category","embeddable":true,"href":"https:\/\/archiwum.jedwabno.pl\/jdbn_json_endpoint\/wp\/v2\/categories?post=3767"},{"taxonomy":"post_tag","embeddable":true,"href":"https:\/\/archiwum.jedwabno.pl\/jdbn_json_endpoint\/wp\/v2\/tags?post=3767"}],"curies":[{"name":"wp","href":"https:\/\/api.w.org\/{rel}","templated":true}]}}