{"id":3745,"date":"2012-09-12T14:40:14","date_gmt":"2012-09-12T14:40:14","guid":{"rendered":"https:\/\/www.jedwabno.pl\/?p=3745"},"modified":"2012-09-14T09:35:16","modified_gmt":"2012-09-14T09:35:16","slug":"vi-powiatowe-zawody-sportowo-pozarnicze-ochotniczych-strazy-pozarnych-szczytno-09-09-2012rok","status":"publish","type":"post","link":"https:\/\/archiwum.jedwabno.pl\/3745\/vi-powiatowe-zawody-sportowo-pozarnicze-ochotniczych-strazy-pozarnych-szczytno-09-09-2012rok","title":{"rendered":"VI Powiatowe Zawody Sportowo ? Po\u017carnicze   Ochotniczych Stra\u017cy Po\u017carnych , Szczytno 09.09.2012rok"},"content":{"rendered":"<p>W dniu 09 wrze\u015bnia 2012 r., w Szczytnie na stadionie Miejskiego O\u015brodka Sportu odby\u0142y si\u0119 VI Powiatowe Zawody Sportowo ? Po\u017carnicze Ochotniczych Stra\u017cy Po\u017carnych,\u00a0 w kt\u00f3rych wzi\u0119\u0142o udzia\u0142 11 m\u0119skich dru\u017cyn po\u017carniczych ? grupa ?A?, 2 kobiece dru\u017cyny po\u017carnicze ? grupa ?C?.<\/p>\n<p>S\u0119dzi\u0105 g\u0142\u00f3wnym zawod\u00f3w by\u0142 Zast\u0119pca Komendanta Powiatowego PSP w Szczytnie m\u0142. bryg. Jacek Baczewski<\/p>\n<p>Zawody rozegrane zosta\u0142y w konkurencjach:<\/p>\n<ul>\n<li>sztafeta po\u017carnicza 7 x 50m z przeszkodami<\/li>\n<li>\u0107wiczenia bojowe<\/li>\n<\/ul>\n<p>Gmin\u0119 Jedwabno reprezentowa\u0142y dwie m\u0119skie dru\u017cyny po\u017carnicze ? OSP Nowy Dw\u00f3r (aktualny mistrz powiatu szczycie\u0144skiego oraz mistrz Gminy Jedwabno) oraz OSP Jedwabno (wicemistrz Gminy Jedwabno oraz aktualny mistrz wojew\u00f3dztwa warmi\u0144sko ? mazurskiego). Po raz pierwszy na zawodach rozgrywanych na terenie naszego powiatu dru\u017cyny nie startowa\u0142y na swoich motopompach lecz na motopompach najnowszej generacji firmy TOHATSU. Wszystkie dru\u017cyny startowa\u0142y na udost\u0119pnionych dla organizator\u00f3w zawod\u00f3w przez przedstawiciela handlowego firmy Pana Zbigniewa Mozola dw\u00f3ch motopompach. Mimo nieznajomo\u015bci sprz\u0119tu (\u017cadna jednostka na terenie powiatu szczycie\u0144skiego nie posiada takiej motopompy), mechanicy pokazali wysoki kunszt, o czym \u015bwiadcz\u0105 czasy uzyskane w \u0107wiczeniu bojowym.<\/p>\n<p>Po raz kolejny dru\u017cyny reprezentuj\u0105ce nasz\u0105 gmin\u0119 pokaza\u0142y \u017ce ?rz\u0105dz\u0105? w powiecie. Dru\u017cyna OSP Nowy Dw\u00f3r potwierdzi\u0142a \u017ce od dw\u00f3ch lat utrzymuje r\u00f3wny wysoki poziom, natomiast OSP Jedwabno po gruntownym odm\u0142odzeniu dru\u017cyny ponownie zaczyna pi\u0105\u0107 si\u0119 w g\u00f3r\u0119. Po raz pierwszy w historii rozgrywanych zawod\u00f3w na terenie powiatu szczycie\u0144skiego \u00a0dwie dru\u017cyny uzyska\u0142y w \u0142\u0105cznej klasyfikacji identyczn\u0105 liczb\u0119 punkt\u00f3w i zaj\u0119\u0142y r\u00f3wnorz\u0119dne pierwsze miejsca. Mistrzami powiatu zosta\u0142y dru\u017cyny OSP Nowy Dw\u00f3r oraz OSP Jedwabno.<\/p>\n<p>Dru\u017cyny wyst\u0105pi\u0142y w nast\u0119puj\u0105cych sk\u0142adach:<\/p>\n<p>OSP Jedwabno ? Krzysztof Wa\u017cny, Pawe\u0142 Mierzejewski, Mariusz Wojciechowski, Marcin Zapadka, Artur Wojciechowski, Artur Miecznikowski, Rafa\u0142 Malinowski, Mateusz Dr\u0119\u017cek oraz \u0141ukasz Dr\u0119\u017cek.<\/p>\n<p>OSP Nowy Dw\u00f3r ? Arkadiusz \u017bebrowski, Pawe\u0142 \u017bebrowski, Andrzej Kuszpa, Rados\u0142aw Lema\u0144ski, Wiktor Grzegorczyk, \u0141ukasz \u0141ukaszewski, Karol \u0141ukaszewski oraz Jakub Olszewski<\/p>\n<p>&nbsp;<\/p>\n<p align=\"center\"><strong>WYNIKI ZAWOD\u00d3W<\/strong><\/p>\n<p><a href=\"https:\/\/archiwum.jedwabno.pl\/wp-content\/uploads\/2012\/09\/1.jpg\"><img decoding=\"async\" class=\"aligncenter size-full wp-image-3749\" title=\"1\" src=\"https:\/\/archiwum.jedwabno.pl\/wp-content\/uploads\/2012\/09\/1.jpg\" alt=\"\" width=\"499\" height=\"680\" srcset=\"https:\/\/archiwum.jedwabno.pl\/wp-content\/uploads\/2012\/09\/1-220x300.jpg 220w, https:\/\/archiwum.jedwabno.pl\/wp-content\/uploads\/2012\/09\/1.jpg 499w\" sizes=\"(max-width: 499px) 100vw, 499px\" \/><\/a><a href=\"https:\/\/archiwum.jedwabno.pl\/wp-content\/uploads\/2012\/09\/2.jpg\"><img decoding=\"async\" class=\"aligncenter size-full wp-image-3750\" title=\"2\" src=\"https:\/\/archiwum.jedwabno.pl\/wp-content\/uploads\/2012\/09\/2.jpg\" alt=\"\" width=\"522\" height=\"770\" srcset=\"https:\/\/archiwum.jedwabno.pl\/wp-content\/uploads\/2012\/09\/2-203x300.jpg 203w, https:\/\/archiwum.jedwabno.pl\/wp-content\/uploads\/2012\/09\/2.jpg 522w\" sizes=\"(max-width: 522px) 100vw, 522px\" \/><\/a><a href=\"https:\/\/archiwum.jedwabno.pl\/wp-content\/uploads\/2012\/09\/3.jpg\"><img decoding=\"async\" class=\"aligncenter size-full wp-image-3751\" title=\"3\" src=\"https:\/\/archiwum.jedwabno.pl\/wp-content\/uploads\/2012\/09\/3.jpg\" alt=\"\" width=\"504\" height=\"483\" srcset=\"https:\/\/archiwum.jedwabno.pl\/wp-content\/uploads\/2012\/09\/3-300x287.jpg 300w, https:\/\/archiwum.jedwabno.pl\/wp-content\/uploads\/2012\/09\/3.jpg 504w\" sizes=\"(max-width: 504px) 100vw, 504px\" \/><\/a><\/p>\n<p>&nbsp;<\/p>\n<p style=\"text-align: center;\"><strong><span style=\"text-decoration: underline;\"><br \/>\n<\/span><\/strong><\/p>\n<p>Opracowa\u0142: Krzysztof Nikadon<\/p>\n<p>&nbsp;<\/p>\nngg_shortcode_0_placeholder\n","protected":false},"excerpt":{"rendered":"<p>W dniu 09 wrze\u015bnia 2012 r., w Szczytnie na stadionie  [&#8230;]<\/p>\n","protected":false},"author":55,"featured_media":3753,"comment_status":"closed","ping_status":"open","sticky":false,"template":"","format":"standard","meta":{"ngg_post_thumbnail":0,"footnotes":""},"categories":[1],"tags":[],"class_list":["post-3745","post","type-post","status-publish","format-standard","has-post-thumbnail","hentry","category-wiadomosci"],"_links":{"self":[{"href":"https:\/\/archiwum.jedwabno.pl\/jdbn_json_endpoint\/wp\/v2\/posts\/3745","targetHints":{"allow":["GET"]}}],"collection":[{"href":"https:\/\/archiwum.jedwabno.pl\/jdbn_json_endpoint\/wp\/v2\/posts"}],"about":[{"href":"https:\/\/archiwum.jedwabno.pl\/jdbn_json_endpoint\/wp\/v2\/types\/post"}],"author":[{"embeddable":true,"href":"https:\/\/archiwum.jedwabno.pl\/jdbn_json_endpoint\/wp\/v2\/users\/55"}],"replies":[{"embeddable":true,"href":"https:\/\/archiwum.jedwabno.pl\/jdbn_json_endpoint\/wp\/v2\/comments?post=3745"}],"version-history":[{"count":0,"href":"https:\/\/archiwum.jedwabno.pl\/jdbn_json_endpoint\/wp\/v2\/posts\/3745\/revisions"}],"wp:featuredmedia":[{"embeddable":true,"href":"https:\/\/archiwum.jedwabno.pl\/jdbn_json_endpoint\/wp\/v2\/media\/3753"}],"wp:attachment":[{"href":"https:\/\/archiwum.jedwabno.pl\/jdbn_json_endpoint\/wp\/v2\/media?parent=3745"}],"wp:term":[{"taxonomy":"category","embeddable":true,"href":"https:\/\/archiwum.jedwabno.pl\/jdbn_json_endpoint\/wp\/v2\/categories?post=3745"},{"taxonomy":"post_tag","embeddable":true,"href":"https:\/\/archiwum.jedwabno.pl\/jdbn_json_endpoint\/wp\/v2\/tags?post=3745"}],"curies":[{"name":"wp","href":"https:\/\/api.w.org\/{rel}","templated":true}]}}