{"id":3705,"date":"2012-09-07T06:21:34","date_gmt":"2012-09-07T06:21:34","guid":{"rendered":"https:\/\/www.jedwabno.pl\/?p=3705"},"modified":"2012-09-07T06:21:34","modified_gmt":"2012-09-07T06:21:34","slug":"miedzynarodowy-rajd-po-lotniskach-litwy-7-9-09-2012","status":"publish","type":"post","link":"https:\/\/archiwum.jedwabno.pl\/3705\/miedzynarodowy-rajd-po-lotniskach-litwy-7-9-09-2012","title":{"rendered":"Mi\u0119dzynarodowy Rajd po Lotniskach Litwy! 7-9.09.2012"},"content":{"rendered":"<p>Ju\u017c dzi\u015b na Lotnisku K\u0119trzyn Wilamowo rozpoczyna si\u0119 od dawna wyczekiwany i\u00a0planowany Mi\u0119dzynarodowy Rajd Po Lotniskach Litwy. Kilkana\u015bcie za\u0142\u00f3g z ca\u0142ej Polski\u00a0b\u0119dzie mia\u0142o okazj\u0119 uczestniczy\u0107 w rajdzie po najciekawszych lotniskach naszego\u00a0p\u00f3\u0142nocno-wschodniego s\u0105siada ? Litwy.<\/p>\n<p>Na naszych pilot\u00f3w ju\u017c niebawem &#8211; 7-9.09.2012r. &#8211; czeka moc atrakcji i wra\u017ce\u0144.Celem wyprawy b\u0119dzie nie tylko podziwianie malowniczych krajobraz\u00f3w i pomnik\u00f3w\u00a0przyrody ale tak\u017ce kultywowanie tradycji i zacie\u015bnianie wi\u0119zi spo\u0142ecznych z naszymi\u00a0wspania\u0142ymi s\u0105siadami.<\/p>\n<p>Na Lotnisko Wilamowo przybywaj\u0105 za\u0142ogi kt\u00f3re wyrazi\u0142y swoj\u0105 ch\u0119\u0107 udzia\u0142u w\u00a0niezapomnianej lotniczej przygodzie.\u00a0Rankiem 8.09.2012 (pi\u0105tek) piloci i za\u0142ogi samolot\u00f3w uczestnicz\u0105cych w lotniczym\u00a0rajdzie, zwarci i gotowi wyrusz\u0105 z podk\u0119trzy\u0144skiego Lotniska Wilamowo (EPKE), by\u00a0pojawi\u0107 si\u0119 na Litwie. Uczestnicy oddadz\u0105 si\u0119 ?pod skrzyd\u0142a? Algimentasa Zentelisa ?\u00a0Dyrektora Kaunas Aeroklubas, by wsp\u00f3lnie poczu\u0107 smak lotniczej przygody w trakcie\u00a0zwiedzania najwa\u017cniejszych lotnisk litewskich.<\/p>\n<p>Na Litwie na uczestnik\u00f3w czeka wiele interesuj\u0105cych specjalnie przygotowanych (przez\u00a0gospodarzy lotnisk) propozycji mi\u0142ego sp\u0119dzenia czasu.<br \/>\nW pi\u0105tkowym programie przewidziano w Druskiennikach min: zabaw\u0119 na stoku\u00a0narciarskim, wodne szale\u0144stwa w Aquaparku oraz rejs statkiem po rzecze Niemen.\u00a0Sobotni dzie\u0144 rajdowicze sp\u0119dz\u0105 na lotnisku w Taurage a wieczorem wezm\u0105 udzia\u0142 w\u00a0Hanza dni w Kownie.<br \/>\nW Niedziel\u0119 (9.09.2012) w programie przewidziana jest wyprawa do niesamowitego, bo\u00a0datuj\u0105cego swoje powstanie jeszcze w czasach mi\u0119dzywojennych ? targu w Prenai.<\/p>\n<p>Na zako\u0144czenie rajdu zaplanowano Sasnav\u0119. Tam te\u017c 9.09 (niedziela) nast\u0105pi\u00a0po\u017cegnanie i ok. godz. 15:00 czasu litewskiego (czyli 14:00 czasu polskiego) wylot za\u0142\u00f3g\u00a0rajdowych w stron\u0119 ?macierzystych? lotnisk.<\/p>\n<p>Inicjatorem i organizatorem Rajdu jest Aeroklub Krainy Jezior przy finansowym\u00a0wsparciu finansowym Samorz\u0105du Wojew\u00f3dztwa Warmi\u0144sko-Mazurskiego.<\/p>\n<p>Szczeg\u00f3\u0142y dotycz\u0105ce Mi\u0119dzynarodowego Rajdu po Lotniskach Litwy i program mo\u017cecie\u00a0Pa\u0144stwo znale\u017a\u0107 na stronach internetowych : www.lotniskoketrzyn.pl oraz www.ttlot.eu<\/p>\n","protected":false},"excerpt":{"rendered":"<p>Ju\u017c dzi\u015b na Lotnisku K\u0119trzyn Wilamowo rozpoczyna si\u0119 od dawna  [&#8230;]<\/p>\n","protected":false},"author":55,"featured_media":0,"comment_status":"closed","ping_status":"open","sticky":false,"template":"","format":"standard","meta":{"ngg_post_thumbnail":0,"footnotes":""},"categories":[1],"tags":[],"class_list":["post-3705","post","type-post","status-publish","format-standard","hentry","category-wiadomosci"],"_links":{"self":[{"href":"https:\/\/archiwum.jedwabno.pl\/jdbn_json_endpoint\/wp\/v2\/posts\/3705","targetHints":{"allow":["GET"]}}],"collection":[{"href":"https:\/\/archiwum.jedwabno.pl\/jdbn_json_endpoint\/wp\/v2\/posts"}],"about":[{"href":"https:\/\/archiwum.jedwabno.pl\/jdbn_json_endpoint\/wp\/v2\/types\/post"}],"author":[{"embeddable":true,"href":"https:\/\/archiwum.jedwabno.pl\/jdbn_json_endpoint\/wp\/v2\/users\/55"}],"replies":[{"embeddable":true,"href":"https:\/\/archiwum.jedwabno.pl\/jdbn_json_endpoint\/wp\/v2\/comments?post=3705"}],"version-history":[{"count":0,"href":"https:\/\/archiwum.jedwabno.pl\/jdbn_json_endpoint\/wp\/v2\/posts\/3705\/revisions"}],"wp:attachment":[{"href":"https:\/\/archiwum.jedwabno.pl\/jdbn_json_endpoint\/wp\/v2\/media?parent=3705"}],"wp:term":[{"taxonomy":"category","embeddable":true,"href":"https:\/\/archiwum.jedwabno.pl\/jdbn_json_endpoint\/wp\/v2\/categories?post=3705"},{"taxonomy":"post_tag","embeddable":true,"href":"https:\/\/archiwum.jedwabno.pl\/jdbn_json_endpoint\/wp\/v2\/tags?post=3705"}],"curies":[{"name":"wp","href":"https:\/\/api.w.org\/{rel}","templated":true}]}}