{"id":3699,"date":"2012-09-10T06:20:34","date_gmt":"2012-09-10T06:20:34","guid":{"rendered":"https:\/\/www.jedwabno.pl\/?p=3699"},"modified":"2012-09-10T07:53:44","modified_gmt":"2012-09-10T07:53:44","slug":"rodziny-festyn-sportowy-w-szuci-02-09-2012-rok","status":"publish","type":"post","link":"https:\/\/archiwum.jedwabno.pl\/3699\/rodziny-festyn-sportowy-w-szuci-02-09-2012-rok","title":{"rendered":"Rodzinny Festyn Sportowy w Szuci, 02.09.2012 rok"},"content":{"rendered":"<p>Dnia 02 wrze\u015bnia 2012r. w pi\u0119kny s\u0142oneczny niedzielny dzie\u0144, w Szuci odby\u0142 si\u0119 ?Rodzinny Festyn Sportowy?, ko\u0144cz\u0105cy projekty ?Po\u017cyteczne Wakacje? i\u00a0 ?Promowanie walor\u00f3w turystyczno krajoznawczych Gminy Jedwabno?. Na festyn przybyli licznie ca\u0142e rodziny, rodzice, dzieci i dziadkowie\u00a0 i nie tylko z Szuci. Podczas imprezy zorganizowanej przez Stowarzyszenie Ko\u0142o Gospody\u0144 Wiejskich w Szuci zadbano o bardzo dobr\u0105 sportow\u0105 zabaw\u0119 dla wszystkich uczestnik\u00f3w festynu. Wszystkim konkurencjom towarzyszy\u0142y niezwykle pozytywne emocje. Jednak najwi\u0119cej rado\u015bci i emocji wywo\u0142a\u0142y : bieg na\u00a0 ?sztachetach? dru\u017cyn 4 osobowych, rodzinny bieg w workach oraz przeci\u0105ganie liny ?stra\u017cacy kontra gospodynie?. Ponadto babcie z wnuczkami wyst\u0105pi\u0142y w bardzo ciekawej konkurencji, robienia korali z jarz\u0119biny na czas. By\u0142y tak\u017ce bardzo udane wst\u0119py wokalne naszych dzieci i m\u0142odzie\u017cy oraz czytanie bajek przez dzieci razem z rodzicami. Czytanie \u00a0zako\u0144czono\u00a0 bajk\u0105 z mora\u0142em pt. ?Czerwony Kapturek? ,w kt\u00f3rej udzia\u0142 wzi\u0119li wszyscy uczestnicy festynu. Najwi\u0119ksze owacje otrzyma\u0142 ?Wilk?. Uczestnicy wszystkich konkurencji otrzymali nagrody w postaci upomink\u00f3w, gad\u017cet\u00f3w i s\u0142odko\u015bci. Panie z Ko\u0142a Gospody\u0144 w\u0142asnor\u0119cznie przygotowa\u0142y dla wszystkich pocz\u0119stunek, gdzie mo\u017cna by\u0142o skosztowa\u0107 wielu pysznych smako\u0142yk\u00f3w, a w tym ?ziemniaka w mundurku?. Zapraszamy do obejrzenia galerii zdj\u0119\u0107. <strong>Projekty dofinansowane przez Fundacj\u0119 Wspomagania Wsi i Gmin\u0119 Jedwabno.<\/strong><\/p>\n<p>&nbsp;<\/p>\nngg_shortcode_0_placeholder\n","protected":false},"excerpt":{"rendered":"<p>Dnia 02 wrze\u015bnia 2012r. w pi\u0119kny s\u0142oneczny niedzielny dzie\u0144, w  [&#8230;]<\/p>\n","protected":false},"author":55,"featured_media":3701,"comment_status":"closed","ping_status":"open","sticky":false,"template":"","format":"standard","meta":{"ngg_post_thumbnail":0,"footnotes":""},"categories":[1],"tags":[],"class_list":["post-3699","post","type-post","status-publish","format-standard","has-post-thumbnail","hentry","category-wiadomosci"],"_links":{"self":[{"href":"https:\/\/archiwum.jedwabno.pl\/jdbn_json_endpoint\/wp\/v2\/posts\/3699","targetHints":{"allow":["GET"]}}],"collection":[{"href":"https:\/\/archiwum.jedwabno.pl\/jdbn_json_endpoint\/wp\/v2\/posts"}],"about":[{"href":"https:\/\/archiwum.jedwabno.pl\/jdbn_json_endpoint\/wp\/v2\/types\/post"}],"author":[{"embeddable":true,"href":"https:\/\/archiwum.jedwabno.pl\/jdbn_json_endpoint\/wp\/v2\/users\/55"}],"replies":[{"embeddable":true,"href":"https:\/\/archiwum.jedwabno.pl\/jdbn_json_endpoint\/wp\/v2\/comments?post=3699"}],"version-history":[{"count":0,"href":"https:\/\/archiwum.jedwabno.pl\/jdbn_json_endpoint\/wp\/v2\/posts\/3699\/revisions"}],"wp:featuredmedia":[{"embeddable":true,"href":"https:\/\/archiwum.jedwabno.pl\/jdbn_json_endpoint\/wp\/v2\/media\/3701"}],"wp:attachment":[{"href":"https:\/\/archiwum.jedwabno.pl\/jdbn_json_endpoint\/wp\/v2\/media?parent=3699"}],"wp:term":[{"taxonomy":"category","embeddable":true,"href":"https:\/\/archiwum.jedwabno.pl\/jdbn_json_endpoint\/wp\/v2\/categories?post=3699"},{"taxonomy":"post_tag","embeddable":true,"href":"https:\/\/archiwum.jedwabno.pl\/jdbn_json_endpoint\/wp\/v2\/tags?post=3699"}],"curies":[{"name":"wp","href":"https:\/\/api.w.org\/{rel}","templated":true}]}}