{"id":3691,"date":"2012-09-10T06:19:08","date_gmt":"2012-09-10T06:19:08","guid":{"rendered":"https:\/\/www.jedwabno.pl\/?p=3691"},"modified":"2012-09-10T06:19:08","modified_gmt":"2012-09-10T06:19:08","slug":"uroczyste-rozpoczecie-roku-szkolnego-20122013","status":"publish","type":"post","link":"https:\/\/archiwum.jedwabno.pl\/3691\/uroczyste-rozpoczecie-roku-szkolnego-20122013","title":{"rendered":"Uroczyste rozpocz\u0119cie roku szkolnego 2012\/2013"},"content":{"rendered":"<p style=\"text-align: center;\"><strong>Fotorelacja z uroczystego rozpocz\u0119cia roku szkolnego 2012\/2013, kt\u00f3re odby\u0142o si\u0119 dnia 03.09.2012 roku w Zespole Szk\u00f3\u0142 w Jedwabnie.<\/strong><\/p>\n<p style=\"text-align: center;\">ngg_shortcode_0_placeholder<\/p>\n","protected":false},"excerpt":{"rendered":"<p>Fotorelacja z uroczystego rozpocz\u0119cia roku szkolnego 2012\/2013, kt\u00f3re odby\u0142o si\u0119  [&#8230;]<\/p>\n","protected":false},"author":55,"featured_media":3694,"comment_status":"closed","ping_status":"open","sticky":false,"template":"","format":"standard","meta":{"ngg_post_thumbnail":0,"footnotes":""},"categories":[1],"tags":[],"class_list":["post-3691","post","type-post","status-publish","format-standard","has-post-thumbnail","hentry","category-wiadomosci"],"_links":{"self":[{"href":"https:\/\/archiwum.jedwabno.pl\/jdbn_json_endpoint\/wp\/v2\/posts\/3691","targetHints":{"allow":["GET"]}}],"collection":[{"href":"https:\/\/archiwum.jedwabno.pl\/jdbn_json_endpoint\/wp\/v2\/posts"}],"about":[{"href":"https:\/\/archiwum.jedwabno.pl\/jdbn_json_endpoint\/wp\/v2\/types\/post"}],"author":[{"embeddable":true,"href":"https:\/\/archiwum.jedwabno.pl\/jdbn_json_endpoint\/wp\/v2\/users\/55"}],"replies":[{"embeddable":true,"href":"https:\/\/archiwum.jedwabno.pl\/jdbn_json_endpoint\/wp\/v2\/comments?post=3691"}],"version-history":[{"count":0,"href":"https:\/\/archiwum.jedwabno.pl\/jdbn_json_endpoint\/wp\/v2\/posts\/3691\/revisions"}],"wp:featuredmedia":[{"embeddable":true,"href":"https:\/\/archiwum.jedwabno.pl\/jdbn_json_endpoint\/wp\/v2\/media\/3694"}],"wp:attachment":[{"href":"https:\/\/archiwum.jedwabno.pl\/jdbn_json_endpoint\/wp\/v2\/media?parent=3691"}],"wp:term":[{"taxonomy":"category","embeddable":true,"href":"https:\/\/archiwum.jedwabno.pl\/jdbn_json_endpoint\/wp\/v2\/categories?post=3691"},{"taxonomy":"post_tag","embeddable":true,"href":"https:\/\/archiwum.jedwabno.pl\/jdbn_json_endpoint\/wp\/v2\/tags?post=3691"}],"curies":[{"name":"wp","href":"https:\/\/api.w.org\/{rel}","templated":true}]}}