{"id":3644,"date":"2012-08-28T13:28:20","date_gmt":"2012-08-28T13:28:20","guid":{"rendered":"https:\/\/www.jedwabno.pl\/?p=3644"},"modified":"2012-08-28T13:28:20","modified_gmt":"2012-08-28T13:28:20","slug":"szczepienia-przeciwko-wsciekliznie-lisow-wolnozyjacych-na-terenie-wojewodztwa","status":"publish","type":"post","link":"https:\/\/archiwum.jedwabno.pl\/3644\/szczepienia-przeciwko-wsciekliznie-lisow-wolnozyjacych-na-terenie-wojewodztwa","title":{"rendered":"Szczepienia przeciwko w\u015bciekli\u017anie lis\u00f3w wolno\u017cyj\u0105cych na terenie wojew\u00f3dztwa"},"content":{"rendered":"<p>Powiatowy Lekarz Weterynarii w Szczytnie przesy\u0142a materia\u0142y informacyjne dotycz\u0105ce planowanej akcji ochronnego szczepienia przeciwko w\u015bciekli\u017anie lis\u00f3w wolno\u017cyj\u0105cych na terenie wojew\u00f3dztwa warmi\u0144sko-mazurskiego. Szczepienia te b\u0119d\u0105 przeprowadzone w zale\u017cno\u015bci od warunk\u00f3w atmosferycznych w dniach 10 ?14\u00a0wrze\u015bnia 2012 r.<\/p>\n<p style=\"text-align: right;\">Powiatowy Lekarz Weterynarii<\/p>\n<p style=\"text-align: right;\">w Szczytnie<\/p>\n","protected":false},"excerpt":{"rendered":"<p>Powiatowy Lekarz Weterynarii w Szczytnie przesy\u0142a materia\u0142y informacyjne dotycz\u0105ce planowanej  [&#8230;]<\/p>\n","protected":false},"author":55,"featured_media":0,"comment_status":"closed","ping_status":"open","sticky":false,"template":"","format":"standard","meta":{"ngg_post_thumbnail":0,"footnotes":""},"categories":[1],"tags":[],"class_list":["post-3644","post","type-post","status-publish","format-standard","hentry","category-wiadomosci"],"_links":{"self":[{"href":"https:\/\/archiwum.jedwabno.pl\/jdbn_json_endpoint\/wp\/v2\/posts\/3644","targetHints":{"allow":["GET"]}}],"collection":[{"href":"https:\/\/archiwum.jedwabno.pl\/jdbn_json_endpoint\/wp\/v2\/posts"}],"about":[{"href":"https:\/\/archiwum.jedwabno.pl\/jdbn_json_endpoint\/wp\/v2\/types\/post"}],"author":[{"embeddable":true,"href":"https:\/\/archiwum.jedwabno.pl\/jdbn_json_endpoint\/wp\/v2\/users\/55"}],"replies":[{"embeddable":true,"href":"https:\/\/archiwum.jedwabno.pl\/jdbn_json_endpoint\/wp\/v2\/comments?post=3644"}],"version-history":[{"count":0,"href":"https:\/\/archiwum.jedwabno.pl\/jdbn_json_endpoint\/wp\/v2\/posts\/3644\/revisions"}],"wp:attachment":[{"href":"https:\/\/archiwum.jedwabno.pl\/jdbn_json_endpoint\/wp\/v2\/media?parent=3644"}],"wp:term":[{"taxonomy":"category","embeddable":true,"href":"https:\/\/archiwum.jedwabno.pl\/jdbn_json_endpoint\/wp\/v2\/categories?post=3644"},{"taxonomy":"post_tag","embeddable":true,"href":"https:\/\/archiwum.jedwabno.pl\/jdbn_json_endpoint\/wp\/v2\/tags?post=3644"}],"curies":[{"name":"wp","href":"https:\/\/api.w.org\/{rel}","templated":true}]}}