{"id":3634,"date":"2012-08-27T13:32:39","date_gmt":"2012-08-27T13:32:39","guid":{"rendered":"https:\/\/www.jedwabno.pl\/?p=3634"},"modified":"2012-09-18T14:00:30","modified_gmt":"2012-09-18T14:00:30","slug":"powitanie-ksiedza-proboszcza-w-jedwabnie","status":"publish","type":"post","link":"https:\/\/archiwum.jedwabno.pl\/3634\/powitanie-ksiedza-proboszcza-w-jedwabnie","title":{"rendered":"Oficjalne powitanie ks. pra\u0142. Romana Lompy"},"content":{"rendered":"<p>W niedziel\u0119 26 sierpnia, podczas Mszy \u00a0\u015awi\u0119tej o godz. 18.00, odby\u0142o si\u0119 oficjalne powitanie ks. pra\u0142. Romana Lompy, kt\u00f3ry z dniem 1 sierpnia zosta\u0142 mianowany nowym proboszczem parafii \u015bw. J\u00f3zefa w Jedwabnie. Ksi\u0105dz Roman Lompa by\u0142 Dyrektorem Caritas Archidiecezji Warmi\u0144skiej, w parafii jedwabie\u0144skiej zast\u0105pi\u0142 proboszcza ks. pra\u0142. J\u00f3zefa Misiaka, kt\u00f3ry po osi\u0105gni\u0119ciu wieku emerytalnego uda\u0142 si\u0119 na zas\u0142u\u017cony odpoczynek. \u00a0Wprowadzenia nowego proboszcza dokona\u0142 ks. kan. J\u00f3zef Gra\u017cul Dziekan Dekanatu Pasym. W uroczysto\u015bci powitania ks. Romana Lompy na stanowisku proboszcza wzi\u0119li bardzo liczny udzia\u0142 parafianie, \u00a0ksi\u0119\u017ca oraz przedstawiciele organizacji spo\u0142ecznych, instytucji i w\u0142adz gminnych.<\/p>\nngg_shortcode_0_placeholder\nngg_shortcode_1_placeholder\n","protected":false},"excerpt":{"rendered":"<p>W niedziel\u0119 26 sierpnia, podczas Mszy \u00a0\u015awi\u0119tej o godz. 18.00,  [&#8230;]<\/p>\n","protected":false},"author":55,"featured_media":3674,"comment_status":"closed","ping_status":"open","sticky":false,"template":"","format":"standard","meta":{"ngg_post_thumbnail":0,"footnotes":""},"categories":[1],"tags":[],"class_list":["post-3634","post","type-post","status-publish","format-standard","has-post-thumbnail","hentry","category-wiadomosci"],"_links":{"self":[{"href":"https:\/\/archiwum.jedwabno.pl\/jdbn_json_endpoint\/wp\/v2\/posts\/3634","targetHints":{"allow":["GET"]}}],"collection":[{"href":"https:\/\/archiwum.jedwabno.pl\/jdbn_json_endpoint\/wp\/v2\/posts"}],"about":[{"href":"https:\/\/archiwum.jedwabno.pl\/jdbn_json_endpoint\/wp\/v2\/types\/post"}],"author":[{"embeddable":true,"href":"https:\/\/archiwum.jedwabno.pl\/jdbn_json_endpoint\/wp\/v2\/users\/55"}],"replies":[{"embeddable":true,"href":"https:\/\/archiwum.jedwabno.pl\/jdbn_json_endpoint\/wp\/v2\/comments?post=3634"}],"version-history":[{"count":0,"href":"https:\/\/archiwum.jedwabno.pl\/jdbn_json_endpoint\/wp\/v2\/posts\/3634\/revisions"}],"wp:featuredmedia":[{"embeddable":true,"href":"https:\/\/archiwum.jedwabno.pl\/jdbn_json_endpoint\/wp\/v2\/media\/3674"}],"wp:attachment":[{"href":"https:\/\/archiwum.jedwabno.pl\/jdbn_json_endpoint\/wp\/v2\/media?parent=3634"}],"wp:term":[{"taxonomy":"category","embeddable":true,"href":"https:\/\/archiwum.jedwabno.pl\/jdbn_json_endpoint\/wp\/v2\/categories?post=3634"},{"taxonomy":"post_tag","embeddable":true,"href":"https:\/\/archiwum.jedwabno.pl\/jdbn_json_endpoint\/wp\/v2\/tags?post=3634"}],"curies":[{"name":"wp","href":"https:\/\/api.w.org\/{rel}","templated":true}]}}