{"id":3613,"date":"2012-08-27T13:27:33","date_gmt":"2012-08-27T13:27:33","guid":{"rendered":"https:\/\/www.jedwabno.pl\/?p=3613"},"modified":"2012-08-27T13:28:34","modified_gmt":"2012-08-27T13:28:34","slug":"dozynki-powiatowe-2012-w-dzwierzutach-26-08-2012-rok","status":"publish","type":"post","link":"https:\/\/archiwum.jedwabno.pl\/3613\/dozynki-powiatowe-2012-w-dzwierzutach-26-08-2012-rok","title":{"rendered":"Do\u017cynki Powiatowe 2012 w D\u017awierzutach, 26.08.2012 rok"},"content":{"rendered":"<p>Dnia 26.08.2012 roku w D\u017awierzutach odby\u0142y si\u0119 Do\u017cynki Powiatowe, wzi\u0119\u0142a w nich udzia\u0142 tak\u017ce Gmina Jedwabno. Jak co roku do konkursu wystawione zosta\u0142o stoisko gminne oraz wieniec do\u017cynkowy. Na stoisko gminne potrawy przygotowa\u0142y nast\u0119puj\u0105ce so\u0142ectwa: Nowy Dw\u00f3r, Burd\u0105g, Wit\u00f3wko, Pidu\u0144,\u00a0 Szu\u0107 oraz GS Jedwabno, Pani El\u017cbieta Mi\u015bcierewicz-Otulakowska, Pani Gra\u017cyna Piersa, Pani Sylwia Robaczek. Dekoracj\u0105 stoiska zaj\u0119li si\u0119 pracownicy Gminnego O\u015brodka Kultury w Jedwabnie przy ogromnej pomocy Pani Alicji Olszewskiej (kwiaciarnia &#8222;Wrzos&#8221; w Jedwabnie) oraz Stowarzyszenia kulturalnego TANECZNIK w Jedwabnie. Stoisko Gminne otrzyma\u0142o nagrod\u0119 pieni\u0119\u017cn\u0105\u00a0 za udzia\u0142 w wysoko\u015bci 500 z\u0142otych. Wieniec do\u017cynkowy reprezentuj\u0105cy Gmin\u0119 Jedwabno wykonali mieszka\u0144cy so\u0142ectwa Witowo w nagrod\u0119 za udzia\u0142 w do\u017cynkach otrzymali nagrod\u0119 pieni\u0119\u017cn\u0105 w wysoko\u015bci 500 z\u0142otych.\u00a0 Oczywi\u015bcie wa\u017cnym elementem zabawy podczas do\u017cynek by\u0142a rywalizacja gmin, czyli dru\u017cynowe zawody sportowe. W sk\u0142ad sportowej reprezentacji Gminy Jedwabno wesz\u0142y nast\u0119puj\u0105ce osoby: Izabela W\u0142odkowska, Dominika Wyszy\u0144ska, Natalia Jasiukas, Weronika Grabowska, Rafa\u0142 W\u0142odkowski, Micha\u0142 \u0141uszczyk, Przemys\u0142aw Kalinowski oraz Tomasz Bielski. Dru\u017cyna wr\u00f3ci\u0142a do domu z Pucharem za zaj\u0119cie II miejsca. Swoj\u0105 si\u0142\u0119, determinacj\u0119 i wytrzyma\u0142o\u015b\u0107 zaprezentowali szczeg\u00f3lnie podczas zabawy sportowej &#8222;przeci\u0105ganie liny&#8221;, gdzie byli bezkonkurencyjni i pokonali wszystkie pozosta\u0142e gminy. Dru\u017cyn\u0119 wspiera\u0142 W\u00f3jt Gminy Krzysztof Otulakowski, kt\u00f3ry tak\u017ce wzi\u0105\u0142 udzia\u0142 w konkurencji sportowej, tj. rzut gumakiem na odleg\u0142o\u015b\u0107, tym samym zdobywaj\u0105c dla dru\u017cyny 14 cennych punkt\u00f3w.<\/p>\n<p style=\"text-align: center;\"><strong>Serdecznie dzi\u0119kujemy wszystkim osobom, kt\u00f3re pomog\u0142y Nam podczas Do\u017cynek Powiatowych 2012 w D\u017awierzutach.<\/strong><\/p>\n<p style=\"text-align: right;\"><em><strong>Krzysztof Otulakowski<\/strong><\/em><\/p>\n<p style=\"text-align: right;\"><em><strong>W\u00f3jt Gminy Jedwabno <\/strong><\/em><\/p>\n<p style=\"text-align: right;\"><em><strong>oraz <\/strong><\/em><\/p>\n<p style=\"text-align: right;\"><em><strong>Dyrektor i pracownicy Gminnego O\u015brodka Kultury w Jedwabnie<\/strong><\/em><\/p>\nngg_shortcode_0_placeholder\nngg_shortcode_1_placeholder\n","protected":false},"excerpt":{"rendered":"<p>Dnia 26.08.2012 roku w D\u017awierzutach odby\u0142y si\u0119 Do\u017cynki Powiatowe, wzi\u0119\u0142a  [&#8230;]<\/p>\n","protected":false},"author":55,"featured_media":3618,"comment_status":"closed","ping_status":"open","sticky":false,"template":"","format":"standard","meta":{"ngg_post_thumbnail":0,"footnotes":""},"categories":[1],"tags":[],"class_list":["post-3613","post","type-post","status-publish","format-standard","has-post-thumbnail","hentry","category-wiadomosci"],"_links":{"self":[{"href":"https:\/\/archiwum.jedwabno.pl\/jdbn_json_endpoint\/wp\/v2\/posts\/3613","targetHints":{"allow":["GET"]}}],"collection":[{"href":"https:\/\/archiwum.jedwabno.pl\/jdbn_json_endpoint\/wp\/v2\/posts"}],"about":[{"href":"https:\/\/archiwum.jedwabno.pl\/jdbn_json_endpoint\/wp\/v2\/types\/post"}],"author":[{"embeddable":true,"href":"https:\/\/archiwum.jedwabno.pl\/jdbn_json_endpoint\/wp\/v2\/users\/55"}],"replies":[{"embeddable":true,"href":"https:\/\/archiwum.jedwabno.pl\/jdbn_json_endpoint\/wp\/v2\/comments?post=3613"}],"version-history":[{"count":0,"href":"https:\/\/archiwum.jedwabno.pl\/jdbn_json_endpoint\/wp\/v2\/posts\/3613\/revisions"}],"wp:featuredmedia":[{"embeddable":true,"href":"https:\/\/archiwum.jedwabno.pl\/jdbn_json_endpoint\/wp\/v2\/media\/3618"}],"wp:attachment":[{"href":"https:\/\/archiwum.jedwabno.pl\/jdbn_json_endpoint\/wp\/v2\/media?parent=3613"}],"wp:term":[{"taxonomy":"category","embeddable":true,"href":"https:\/\/archiwum.jedwabno.pl\/jdbn_json_endpoint\/wp\/v2\/categories?post=3613"},{"taxonomy":"post_tag","embeddable":true,"href":"https:\/\/archiwum.jedwabno.pl\/jdbn_json_endpoint\/wp\/v2\/tags?post=3613"}],"curies":[{"name":"wp","href":"https:\/\/api.w.org\/{rel}","templated":true}]}}