{"id":3585,"date":"2012-08-13T11:43:24","date_gmt":"2012-08-13T11:43:24","guid":{"rendered":"https:\/\/www.jedwabno.pl\/?p=3585"},"modified":"2012-08-13T11:51:26","modified_gmt":"2012-08-13T11:51:26","slug":"dzien-szuci-11-08-2012-rok-2","status":"publish","type":"post","link":"https:\/\/archiwum.jedwabno.pl\/3585\/dzien-szuci-11-08-2012-rok-2","title":{"rendered":"Dzie\u0144 Szuci, 11.08.2012 rok"},"content":{"rendered":"<p>W sobotni wiecz\u00f3r 11 sierpnia 2012r, odby\u0142 si\u0119 festyn wiejski w Szuci. Pi\u0119kna pogoda zach\u0119ca\u0142a wszystkich do zabawy.Przy \u015bwietlicy wiejskiej dzieci mog\u0142y pobawi\u0107 si\u0119 na dmuchanych zje\u017cd\u017calniach,trampolinach, kulach wodnych oraz wzi\u0105\u0107 udzia\u0142 w konkursach, czy os\u0142odzi\u0107 si\u0119 cukrow\u0105 wat\u0105, kt\u00f3r\u0105 tego dnia milusi\u0144scy dostawali za darmo. Zamierzeniem organizatorki zabawy, Marianny Bara\u0144skiej by\u0142o przygotowanie takich atrakcji, aby ka\u017cdy kto przyb\u0119dzie na festyn znalaz\u0142 co\u015b ciekawego dla siebie, \u017ceby uczestniczy\u0142y w nim ca\u0142e rodziny. Dlatego na festynie nie zabrak\u0142o stoiska edukacyjnego Nadle\u015bnictwa Jedwabno, w kt\u00f3rego konkursach brali udzia\u0142 wszyscy niezale\u017cnie od wieku,czy wyst\u0119p\u00f3w Dzieci\u0119cego Zespo\u0142u Pie\u015bni i Ta\u0144ca z Szuci, prowadzonego przez cz\u0142onk\u00f3w Zespo\u0142u Pie\u015bni Ta\u0144ca z Jedwabna. Rozbrzmia\u0142a r\u00f3wnie\u017c weso\u0142a i rytmiczna piosenka \u017ceglarska zagrana przez zesp\u00f3\u0142 KUZYNI NEPTUNA. Du\u017ce zainteresowanie wzbudzi\u0142, zw\u0142aszcza w\u015br\u00f3d dzieci, Fakir Radames, kt\u00f3ry w du\u017cych skrzyniach przywi\u00f3z\u0142 do Szuci ogromne w\u0119\u017ce oraz wyst\u0119p m\u0142odzie\u017cowego zesp\u00f3\u0142u NOCNE MOTYLE w ta\u0144cu ognia. Przez ca\u0142y czas nad nag\u0142o\u015bnieniem czuwa\u0142 zesp\u00f3\u0142 DJ TOMEK i DJ WALDI, kt\u00f3rzy do p\u00f3\u017anych godzin nocnych umilali wszystkim czas muzyk\u0105 disco polo. Na festyn wiejski w Szuci przybyli samorz\u0105dowcy: radni z przewodnicz\u0105c\u0105 Mari\u0105 Sienkiewicz, w\u00f3jt gminy Jedwabno Krzysztof Otulakowski oraz wicestarosta powiatu szczycie\u0144skiego Sylwia Jaskulska, a tak\u017ce proboszcz Parafii w Jedwabnie ks. Roman Lompa.<\/p>\nngg_shortcode_0_placeholder\n","protected":false},"excerpt":{"rendered":"<p>W sobotni wiecz\u00f3r 11 sierpnia 2012r, odby\u0142 si\u0119 festyn wiejski  [&#8230;]<\/p>\n","protected":false},"author":55,"featured_media":3587,"comment_status":"closed","ping_status":"open","sticky":false,"template":"","format":"standard","meta":{"ngg_post_thumbnail":0,"footnotes":""},"categories":[1],"tags":[],"class_list":["post-3585","post","type-post","status-publish","format-standard","has-post-thumbnail","hentry","category-wiadomosci"],"_links":{"self":[{"href":"https:\/\/archiwum.jedwabno.pl\/jdbn_json_endpoint\/wp\/v2\/posts\/3585","targetHints":{"allow":["GET"]}}],"collection":[{"href":"https:\/\/archiwum.jedwabno.pl\/jdbn_json_endpoint\/wp\/v2\/posts"}],"about":[{"href":"https:\/\/archiwum.jedwabno.pl\/jdbn_json_endpoint\/wp\/v2\/types\/post"}],"author":[{"embeddable":true,"href":"https:\/\/archiwum.jedwabno.pl\/jdbn_json_endpoint\/wp\/v2\/users\/55"}],"replies":[{"embeddable":true,"href":"https:\/\/archiwum.jedwabno.pl\/jdbn_json_endpoint\/wp\/v2\/comments?post=3585"}],"version-history":[{"count":0,"href":"https:\/\/archiwum.jedwabno.pl\/jdbn_json_endpoint\/wp\/v2\/posts\/3585\/revisions"}],"wp:featuredmedia":[{"embeddable":true,"href":"https:\/\/archiwum.jedwabno.pl\/jdbn_json_endpoint\/wp\/v2\/media\/3587"}],"wp:attachment":[{"href":"https:\/\/archiwum.jedwabno.pl\/jdbn_json_endpoint\/wp\/v2\/media?parent=3585"}],"wp:term":[{"taxonomy":"category","embeddable":true,"href":"https:\/\/archiwum.jedwabno.pl\/jdbn_json_endpoint\/wp\/v2\/categories?post=3585"},{"taxonomy":"post_tag","embeddable":true,"href":"https:\/\/archiwum.jedwabno.pl\/jdbn_json_endpoint\/wp\/v2\/tags?post=3585"}],"curies":[{"name":"wp","href":"https:\/\/api.w.org\/{rel}","templated":true}]}}