{"id":3556,"date":"2012-08-08T20:25:51","date_gmt":"2012-08-08T20:25:51","guid":{"rendered":"https:\/\/www.jedwabno.pl\/?p=3556"},"modified":"2012-08-08T20:25:51","modified_gmt":"2012-08-08T20:25:51","slug":"festyn-w-nowym-dworze-04-08-2012","status":"publish","type":"post","link":"https:\/\/archiwum.jedwabno.pl\/3556\/festyn-w-nowym-dworze-04-08-2012","title":{"rendered":"Festyn w Nowym Dworze, 04.08.2012"},"content":{"rendered":"<p>Co roku mieszka\u0144cy Nowego Dworu podczas swojego festynu prezentuj\u0105 publiczno\u015bci swoje zdolno\u015bci aktorskie. I tym razem nie zawiedli i zebranej publiczno\u015bci zaprezentowali festynow\u0105 telewizj\u0119. &#8222;TV Nowy Dw\u00f3r&#8221; przedstawi\u0142 debat\u0119 o Euro 2012 i wyb\u00f3r przeboju na t\u0119 imprez\u0119. Na scenie zaprezentowa\u0142 si\u0119 Dzieci\u0119cy Zesp\u00f3\u0142 Pie\u015bni i Ta\u0144ca z Nowego Dworu, Maja Zieli\u0144ska z pokazem ta\u0144ca BREAKDANCE, na\u015bladowcy Dody i Elvisa Presleya, prawdziwi g\u00f3rale &#8222;z Warcha\u0142&#8221;. Mi\u0142\u0105 niespodziank\u0105 dla okaza\u0142 si\u0119 konkurs wiedzy o Nowym Dworze. Wyst\u0105pi\u0142 tak\u017ce teatr ognia &#8222;Flamme&#8221; z Witowa. Nie zabrak\u0142o licznych konkurs\u00f3w i zabaw dla dzieci. Natomiast zabaw\u0119 do rana uczestnikom festynu umila\u0142 Dj Micha\u015b i Dj Waldi.<\/p>\n<p>&nbsp;<\/p>\nngg_shortcode_0_placeholder\n","protected":false},"excerpt":{"rendered":"<p>Co roku mieszka\u0144cy Nowego Dworu podczas swojego festynu prezentuj\u0105 publiczno\u015bci  [&#8230;]<\/p>\n","protected":false},"author":55,"featured_media":3571,"comment_status":"closed","ping_status":"open","sticky":false,"template":"","format":"standard","meta":{"ngg_post_thumbnail":0,"footnotes":""},"categories":[1],"tags":[],"class_list":["post-3556","post","type-post","status-publish","format-standard","has-post-thumbnail","hentry","category-wiadomosci"],"_links":{"self":[{"href":"https:\/\/archiwum.jedwabno.pl\/jdbn_json_endpoint\/wp\/v2\/posts\/3556","targetHints":{"allow":["GET"]}}],"collection":[{"href":"https:\/\/archiwum.jedwabno.pl\/jdbn_json_endpoint\/wp\/v2\/posts"}],"about":[{"href":"https:\/\/archiwum.jedwabno.pl\/jdbn_json_endpoint\/wp\/v2\/types\/post"}],"author":[{"embeddable":true,"href":"https:\/\/archiwum.jedwabno.pl\/jdbn_json_endpoint\/wp\/v2\/users\/55"}],"replies":[{"embeddable":true,"href":"https:\/\/archiwum.jedwabno.pl\/jdbn_json_endpoint\/wp\/v2\/comments?post=3556"}],"version-history":[{"count":0,"href":"https:\/\/archiwum.jedwabno.pl\/jdbn_json_endpoint\/wp\/v2\/posts\/3556\/revisions"}],"wp:featuredmedia":[{"embeddable":true,"href":"https:\/\/archiwum.jedwabno.pl\/jdbn_json_endpoint\/wp\/v2\/media\/3571"}],"wp:attachment":[{"href":"https:\/\/archiwum.jedwabno.pl\/jdbn_json_endpoint\/wp\/v2\/media?parent=3556"}],"wp:term":[{"taxonomy":"category","embeddable":true,"href":"https:\/\/archiwum.jedwabno.pl\/jdbn_json_endpoint\/wp\/v2\/categories?post=3556"},{"taxonomy":"post_tag","embeddable":true,"href":"https:\/\/archiwum.jedwabno.pl\/jdbn_json_endpoint\/wp\/v2\/tags?post=3556"}],"curies":[{"name":"wp","href":"https:\/\/api.w.org\/{rel}","templated":true}]}}