{"id":3517,"date":"2012-08-06T10:37:15","date_gmt":"2012-08-06T10:37:15","guid":{"rendered":"https:\/\/www.jedwabno.pl\/?p=3517"},"modified":"2012-08-06T11:04:46","modified_gmt":"2012-08-06T11:04:46","slug":"afrykanskie-party-27-07-2012-rok","status":"publish","type":"post","link":"https:\/\/archiwum.jedwabno.pl\/3517\/afrykanskie-party-27-07-2012-rok","title":{"rendered":"Afryka\u0144skie Party, 27.07.2012 rok"},"content":{"rendered":"<p>Tematyczne letnie festyny to ju\u017c w Ma\u0142szewie tradycja. W tym roku dnia 27.07.2012 tematem przewodnim zabawy by\u0142a Afryka. I tak na festynie mo\u017cna by\u0142o spotka\u0107 afryka\u0144skie plemi\u0119. Dzieci bawi\u0142y si\u0119 podczas ciekawych konkurs\u00f3w ( rzut dzid\u0105 do arbuza, konkurs wiedzy o afryce) dla wszystkich przewidziane by\u0142y nagrody. Dodatkow\u0105 atrakcj\u0105 by\u0142a mo\u017cliwo\u015b\u0107 jazdy quadem oraz dmuchana zje\u017cd\u017calnia, atrakcje zapewni\u0142a Firma BARTBO. Nast\u0119pnie do p\u00f3\u017anych godzin nocnych zabaw\u0119 uczestnikom festynu umila\u0142 zesp\u00f3\u0142 muzyczny &#8222;Las Vegas&#8217;.<\/p>\n<p>&nbsp;<\/p>\nngg_shortcode_0_placeholder\n","protected":false},"excerpt":{"rendered":"<p>Tematyczne letnie festyny to ju\u017c w Ma\u0142szewie tradycja. W tym  [&#8230;]<\/p>\n","protected":false},"author":55,"featured_media":3544,"comment_status":"closed","ping_status":"open","sticky":false,"template":"","format":"standard","meta":{"ngg_post_thumbnail":0,"footnotes":""},"categories":[1],"tags":[],"class_list":["post-3517","post","type-post","status-publish","format-standard","has-post-thumbnail","hentry","category-wiadomosci"],"_links":{"self":[{"href":"https:\/\/archiwum.jedwabno.pl\/jdbn_json_endpoint\/wp\/v2\/posts\/3517","targetHints":{"allow":["GET"]}}],"collection":[{"href":"https:\/\/archiwum.jedwabno.pl\/jdbn_json_endpoint\/wp\/v2\/posts"}],"about":[{"href":"https:\/\/archiwum.jedwabno.pl\/jdbn_json_endpoint\/wp\/v2\/types\/post"}],"author":[{"embeddable":true,"href":"https:\/\/archiwum.jedwabno.pl\/jdbn_json_endpoint\/wp\/v2\/users\/55"}],"replies":[{"embeddable":true,"href":"https:\/\/archiwum.jedwabno.pl\/jdbn_json_endpoint\/wp\/v2\/comments?post=3517"}],"version-history":[{"count":0,"href":"https:\/\/archiwum.jedwabno.pl\/jdbn_json_endpoint\/wp\/v2\/posts\/3517\/revisions"}],"wp:featuredmedia":[{"embeddable":true,"href":"https:\/\/archiwum.jedwabno.pl\/jdbn_json_endpoint\/wp\/v2\/media\/3544"}],"wp:attachment":[{"href":"https:\/\/archiwum.jedwabno.pl\/jdbn_json_endpoint\/wp\/v2\/media?parent=3517"}],"wp:term":[{"taxonomy":"category","embeddable":true,"href":"https:\/\/archiwum.jedwabno.pl\/jdbn_json_endpoint\/wp\/v2\/categories?post=3517"},{"taxonomy":"post_tag","embeddable":true,"href":"https:\/\/archiwum.jedwabno.pl\/jdbn_json_endpoint\/wp\/v2\/tags?post=3517"}],"curies":[{"name":"wp","href":"https:\/\/api.w.org\/{rel}","templated":true}]}}