{"id":3477,"date":"2012-07-31T14:47:04","date_gmt":"2012-07-31T14:47:04","guid":{"rendered":"https:\/\/www.jedwabno.pl\/?p=3477"},"modified":"2012-07-31T14:47:04","modified_gmt":"2012-07-31T14:47:04","slug":"polmetek-wakacji-w-szuci","status":"publish","type":"post","link":"https:\/\/archiwum.jedwabno.pl\/3477\/polmetek-wakacji-w-szuci","title":{"rendered":"P\u00f3\u0142metek wakacji w Szuci"},"content":{"rendered":"<p>Po\u0142owa wakacji za nami, w tym czasie nowo powsta\u0142e Stowarzyszenie Ko\u0142o Gospody\u0144 Wiejskich w Szuci w ramach projekt\u00f3w ? Po\u017cyteczne Wakacje? i ? Z ekologi\u0105 za Pan Brat? dofinansowanych przez Fundacj\u0119 Wspomagania Wsi i WFO\u015a i GW w Olsztynie, zorganizowa\u0142o \u00a0dla dzieci i m\u0142odzie\u017cy wiele ciekawych zaj\u0119\u0107:<\/p>\n<p>&#8211; warsztaty fotograficzne ? wykonanie aparatu fotograficznego z odpad\u00f3w? (poprowadzi\u0142 je Arkadiusz Dziczek),<\/p>\n<p>&#8211; wycieczka do Planetarium\u00a0 i Zak\u0142adu Komunalnego w Olsztynie,<\/p>\n<p>&#8211; zaj\u0119cia po\u017cyteczno- wypoczynkowe ( konkurs plastyczny, nauka wypieku ciasteczek ?Kuchcikowo?, porz\u0105dkowanie terenu po\u0142\u0105czone z zabaw\u0105, rodzinne gry sportowe).<\/p>\n<p>Przed nami druga po\u0142owa wakacji, gdzie nadal b\u0119d\u0105 trwa\u0107 zaj\u0119cia w Szuci w ramach projektu ?Po\u017cyteczne Wakacje?, na kt\u00f3re Organizatorzy zapraszaj\u0105 wszystkie dzieci.<\/p>\n<p>&nbsp;<\/p>\nngg_shortcode_0_placeholder\n<p>&nbsp;<\/p>\n<p>zdj\u0119cia z aparatu fotograficznego wykonanego z odpad\u00f3w (puszek)<\/p>\n<p>&nbsp;<\/p>\nngg_shortcode_1_placeholder\n","protected":false},"excerpt":{"rendered":"<p>Po\u0142owa wakacji za nami, w tym czasie nowo powsta\u0142e Stowarzyszenie  [&#8230;]<\/p>\n","protected":false},"author":55,"featured_media":3479,"comment_status":"closed","ping_status":"open","sticky":false,"template":"","format":"standard","meta":{"ngg_post_thumbnail":0,"footnotes":""},"categories":[1],"tags":[],"class_list":["post-3477","post","type-post","status-publish","format-standard","has-post-thumbnail","hentry","category-wiadomosci"],"_links":{"self":[{"href":"https:\/\/archiwum.jedwabno.pl\/jdbn_json_endpoint\/wp\/v2\/posts\/3477","targetHints":{"allow":["GET"]}}],"collection":[{"href":"https:\/\/archiwum.jedwabno.pl\/jdbn_json_endpoint\/wp\/v2\/posts"}],"about":[{"href":"https:\/\/archiwum.jedwabno.pl\/jdbn_json_endpoint\/wp\/v2\/types\/post"}],"author":[{"embeddable":true,"href":"https:\/\/archiwum.jedwabno.pl\/jdbn_json_endpoint\/wp\/v2\/users\/55"}],"replies":[{"embeddable":true,"href":"https:\/\/archiwum.jedwabno.pl\/jdbn_json_endpoint\/wp\/v2\/comments?post=3477"}],"version-history":[{"count":0,"href":"https:\/\/archiwum.jedwabno.pl\/jdbn_json_endpoint\/wp\/v2\/posts\/3477\/revisions"}],"wp:featuredmedia":[{"embeddable":true,"href":"https:\/\/archiwum.jedwabno.pl\/jdbn_json_endpoint\/wp\/v2\/media\/3479"}],"wp:attachment":[{"href":"https:\/\/archiwum.jedwabno.pl\/jdbn_json_endpoint\/wp\/v2\/media?parent=3477"}],"wp:term":[{"taxonomy":"category","embeddable":true,"href":"https:\/\/archiwum.jedwabno.pl\/jdbn_json_endpoint\/wp\/v2\/categories?post=3477"},{"taxonomy":"post_tag","embeddable":true,"href":"https:\/\/archiwum.jedwabno.pl\/jdbn_json_endpoint\/wp\/v2\/tags?post=3477"}],"curies":[{"name":"wp","href":"https:\/\/api.w.org\/{rel}","templated":true}]}}