{"id":3463,"date":"2012-07-31T14:50:32","date_gmt":"2012-07-31T14:50:32","guid":{"rendered":"https:\/\/www.jedwabno.pl\/?p=3463"},"modified":"2012-07-31T14:50:32","modified_gmt":"2012-07-31T14:50:32","slug":"festyn-w-burdagu-21-07-2012-rok","status":"publish","type":"post","link":"https:\/\/archiwum.jedwabno.pl\/3463\/festyn-w-burdagu-21-07-2012-rok","title":{"rendered":"Festyn w Burd\u0105gu, 21.07.2012 rok"},"content":{"rendered":"<p>Festyn w Burd\u0105gu odby\u0142 si\u0119 dnia 21.07.2012r.\u00a0 rozpocz\u0105\u0142 si\u0119 o godz. 18:00 i trwa\u0142 do bia\u0142ego rana . Po przywitaniu go\u015bci, Dzieci\u0119cy Zesp\u00f3\u0142 Pie\u015bni i Ta\u0144ca z Burd\u0105ga, zaprezentowa\u0142 pokaz ta\u0144ca i \u015bpiewu ludowego . Wszyscy bawili si\u0119 tak\u017ce przy piosenkach zaprezentowanych przez m\u0142odzie\u017c ucz\u0119szczaj\u0105c\u0105 na warsztaty wokalne do \u00a0Gminnego O\u015brodka Kultury. Ca\u0142\u0105 noc\u00a0 przyby\u0142ym go\u015bciom umila\u0142 zesp\u00f3\u0142 muzyczny Las Vegas. Du\u017c\u0105 atrakcj\u0105 cieszy\u0142y si\u0119 tak\u017ce stoiska: z zabawkami oraz kulinarne, gdzie mo\u017cna by\u0142o zje\u015b\u0107\u00a0 chlebek ze smalcem, ciasto czy te\u017c kie\u0142bask\u0119 z grilla.<\/p>\n<p>&nbsp;<\/p>\nngg_shortcode_0_placeholder\n","protected":false},"excerpt":{"rendered":"<p>Festyn w Burd\u0105gu odby\u0142 si\u0119 dnia 21.07.2012r.\u00a0 rozpocz\u0105\u0142 si\u0119 o  [&#8230;]<\/p>\n","protected":false},"author":55,"featured_media":3465,"comment_status":"closed","ping_status":"open","sticky":false,"template":"","format":"standard","meta":{"ngg_post_thumbnail":0,"footnotes":""},"categories":[1],"tags":[],"class_list":["post-3463","post","type-post","status-publish","format-standard","has-post-thumbnail","hentry","category-wiadomosci"],"_links":{"self":[{"href":"https:\/\/archiwum.jedwabno.pl\/jdbn_json_endpoint\/wp\/v2\/posts\/3463","targetHints":{"allow":["GET"]}}],"collection":[{"href":"https:\/\/archiwum.jedwabno.pl\/jdbn_json_endpoint\/wp\/v2\/posts"}],"about":[{"href":"https:\/\/archiwum.jedwabno.pl\/jdbn_json_endpoint\/wp\/v2\/types\/post"}],"author":[{"embeddable":true,"href":"https:\/\/archiwum.jedwabno.pl\/jdbn_json_endpoint\/wp\/v2\/users\/55"}],"replies":[{"embeddable":true,"href":"https:\/\/archiwum.jedwabno.pl\/jdbn_json_endpoint\/wp\/v2\/comments?post=3463"}],"version-history":[{"count":0,"href":"https:\/\/archiwum.jedwabno.pl\/jdbn_json_endpoint\/wp\/v2\/posts\/3463\/revisions"}],"wp:featuredmedia":[{"embeddable":true,"href":"https:\/\/archiwum.jedwabno.pl\/jdbn_json_endpoint\/wp\/v2\/media\/3465"}],"wp:attachment":[{"href":"https:\/\/archiwum.jedwabno.pl\/jdbn_json_endpoint\/wp\/v2\/media?parent=3463"}],"wp:term":[{"taxonomy":"category","embeddable":true,"href":"https:\/\/archiwum.jedwabno.pl\/jdbn_json_endpoint\/wp\/v2\/categories?post=3463"},{"taxonomy":"post_tag","embeddable":true,"href":"https:\/\/archiwum.jedwabno.pl\/jdbn_json_endpoint\/wp\/v2\/tags?post=3463"}],"curies":[{"name":"wp","href":"https:\/\/api.w.org\/{rel}","templated":true}]}}