{"id":3452,"date":"2012-07-27T08:47:41","date_gmt":"2012-07-27T08:47:41","guid":{"rendered":"https:\/\/www.jedwabno.pl\/?p=3452"},"modified":"2012-07-27T08:47:41","modified_gmt":"2012-07-27T08:47:41","slug":"wojewodzki-konkurs-na-najladniejszy-wieniec-dozynkowy","status":"publish","type":"post","link":"https:\/\/archiwum.jedwabno.pl\/3452\/wojewodzki-konkurs-na-najladniejszy-wieniec-dozynkowy","title":{"rendered":"Wojew\u00f3dzki Konkurs na Naj\u0142adniejszy Wieniec Do\u017cynkowy"},"content":{"rendered":"<p>Tegoroczne Do\u017cynki Wojew\u00f3dzkie odb\u0119d\u0105 si\u0119 23 wrze\u015bnia 2012 r. w Muzeum Budownictwa<br \/>\nLudowego w Olsztynku. Jednym z element\u00f3w \u015bwi\u0119ta plon\u00f3w jest Wojew\u00f3dzki Konkurs na<br \/>\nNaj\u0142adniejszy Wieniec Do\u017cynkowy, kt\u00f3rego organizatorem jest Samorz\u0105d Wojew\u00f3dztwa Warmi\u0144sko-<br \/>\nMazurskiego. Rozstrzygni\u0119cie Konkursu nast\u0105pi 23 wrze\u015bnia w czasie uroczysto\u015bci do\u017cynkowych.<\/p>\n<p>24 lipca 2012 r. Zarz\u0105d Wojew\u00f3dztwa Warmi\u0144sko-Mazurskiego zatwierdzi\u0142 Regulamin Konkursu.<\/p>\n<p>1. Wieniec oraz grup\u0119 wie\u0144cow\u0105 (maksymalnie 10 os\u00f3b) zg\u0142asza gmina. Formularz zg\u0142oszeniowy<br \/>\nzawiera dane cz\u0142onk\u00f3w grupy wie\u0144cowej, a tak\u017ce numery kont bankowych, na kt\u00f3re po<br \/>\nrozstrzygni\u0119ciu Konkursu zostan\u0105 przekazane ewentualne nagrody i wyr\u00f3\u017cnienia pieni\u0119\u017cne.<br \/>\n2. Wie\u0144ce powinny by\u0107 wykonane z element\u00f3w naturalnych. B\u0119d\u0105 one oceniane pod wzgl\u0119dem<br \/>\nwalor\u00f3w estetycznych. Premiowana b\u0119dzie atrakcyjna forma prezentacji wie\u0144ca przez grup\u0119<br \/>\n(o\u015bpiewanie, wyst\u0119p w strojach regionalnych).<br \/>\n3. Dodatkowo wybrane i nagrodzone zostan\u0105: wieniec o najbardziej tradycyjnych cechach i<br \/>\nwieniec najbardziej oryginalny.<\/p>\n<p>Osoby zainteresowane udzia\u0142em w Konkursie proszone s\u0105 o z\u0142o\u017cenie formularza zg\u0142oszeniowego do<br \/>\ndnia 14.09.2012 r. na adres:<\/p>\n<p>Urz\u0105d Gminy<br \/>\nul. Warmi\u0144ska 2<br \/>\n12-122 Jedwabno<\/p>\n<p>&nbsp;<\/p>\n<p>Do pobrania:<br \/>\n<a href=\"http:\/\/wrota.warmia.mazury.pl\/images\/stories\/stories_2011\/Departament_ROWiR\/Pliki\/dozynki\/regulamin_konkursu_wienca_2012_zatw.pdf\">Regulamin Wojew\u00f3dzkiego Konkursu na Naj\u0142adniejszy Wieniec Do\u017cynkowy w 2012 roku<\/a><br \/>\n<a href=\"http:\/\/wrota.warmia.mazury.pl\/images\/stories\/stories_2011\/Departament_ROWiR\/Pliki\/dozynki\/karta_zgloszenia_do_konkursu_wienca_loga.doc\">Formularz zg\u0142oszeniowy\u00a0<\/a><\/p>\n","protected":false},"excerpt":{"rendered":"<p>Tegoroczne Do\u017cynki Wojew\u00f3dzkie odb\u0119d\u0105 si\u0119 23 wrze\u015bnia 2012 r. w  [&#8230;]<\/p>\n","protected":false},"author":55,"featured_media":0,"comment_status":"closed","ping_status":"open","sticky":false,"template":"","format":"standard","meta":{"ngg_post_thumbnail":0,"footnotes":""},"categories":[1],"tags":[],"class_list":["post-3452","post","type-post","status-publish","format-standard","hentry","category-wiadomosci"],"_links":{"self":[{"href":"https:\/\/archiwum.jedwabno.pl\/jdbn_json_endpoint\/wp\/v2\/posts\/3452","targetHints":{"allow":["GET"]}}],"collection":[{"href":"https:\/\/archiwum.jedwabno.pl\/jdbn_json_endpoint\/wp\/v2\/posts"}],"about":[{"href":"https:\/\/archiwum.jedwabno.pl\/jdbn_json_endpoint\/wp\/v2\/types\/post"}],"author":[{"embeddable":true,"href":"https:\/\/archiwum.jedwabno.pl\/jdbn_json_endpoint\/wp\/v2\/users\/55"}],"replies":[{"embeddable":true,"href":"https:\/\/archiwum.jedwabno.pl\/jdbn_json_endpoint\/wp\/v2\/comments?post=3452"}],"version-history":[{"count":0,"href":"https:\/\/archiwum.jedwabno.pl\/jdbn_json_endpoint\/wp\/v2\/posts\/3452\/revisions"}],"wp:attachment":[{"href":"https:\/\/archiwum.jedwabno.pl\/jdbn_json_endpoint\/wp\/v2\/media?parent=3452"}],"wp:term":[{"taxonomy":"category","embeddable":true,"href":"https:\/\/archiwum.jedwabno.pl\/jdbn_json_endpoint\/wp\/v2\/categories?post=3452"},{"taxonomy":"post_tag","embeddable":true,"href":"https:\/\/archiwum.jedwabno.pl\/jdbn_json_endpoint\/wp\/v2\/tags?post=3452"}],"curies":[{"name":"wp","href":"https:\/\/api.w.org\/{rel}","templated":true}]}}