{"id":3413,"date":"2012-07-23T11:24:52","date_gmt":"2012-07-23T11:24:52","guid":{"rendered":"https:\/\/www.jedwabno.pl\/?p=3413"},"modified":"2012-07-23T11:24:52","modified_gmt":"2012-07-23T11:24:52","slug":"spotkanie-z-proboszczem-w-nartach-18-07-2012-rok","status":"publish","type":"post","link":"https:\/\/archiwum.jedwabno.pl\/3413\/spotkanie-z-proboszczem-w-nartach-18-07-2012-rok","title":{"rendered":"Spotkanie z Proboszczem w Nartach, 18.07.2012 rok"},"content":{"rendered":"<p>Dnia 18.07.2012 roku w \u015bwietlicy wiejskiej ?Promyczek? w Nartach mieszka\u0144cy miejscowo\u015bci \u00a0Narty zorganizowali dla Ksi\u0119dza J\u00f3zefa Misiaka Proboszcza Parafii Jedwabno pocz\u0119stunek w celu podzi\u0119kowania za wieloletni\u0105 prac\u0119 na rzecz parafii. Tego dnia przypada\u0142y tak\u017ce urodziny Proboszcza. Nie zabrak\u0142o urodzinowego tortu oraz\u00a0 \u017cycze\u0144\u00a0 od mieszka\u0144c\u00f3w i przyby\u0142ych go\u015bci: Krzysztofa Otulakowskiego W\u00f3jta Gminy Jedwabno, Jolanty Dr\u0119\u017cek Sekretarz Gminy Jedwabno i Marii Sienkiewicz Przewodnicz\u0105cej Rady Gminy Jedwabno. Nast\u0119pnie jubilatowi so\u0142tys wsi Janusz G\u0119bczy\u0144ski wr\u0119czy\u0142\u00a0 prezent &#8211; obraz w\u0142asnego autorstwa.\u00a0 Po zako\u0144czeniu spotkania wszyscy zebrani go\u015bcie zrobili sobie pami\u0105tkowe zdj\u0119cie w pi\u0119knej scenerii Jeziora \u015awi\u0119tajno.<\/p>\n<p style=\"text-align: center;\"><em><strong>Serdecznie dzi\u0119kujemy:<\/strong><\/em><\/p>\n<p style=\"text-align: center;\">Agnieszka i Jacek Maksymowicz<\/p>\n<p style=\"text-align: center;\">O\u015brodek Szkoleniowo ? Wypoczynkowy ?U Maksia? w Brajnikach<\/p>\n<p style=\"text-align: center;\"><em>za pomoc w zorganizowaniu\u00a0 pysznego obiadu\u00a0 i obs\u0142ug\u0119 uroczysto\u015bci<\/em><\/p>\n<p style=\"text-align: center;\">Dariusz Bryczkowski Zak\u0142ad cukierniczy<\/p>\n<p style=\"text-align: center;\"><em>za pyszny tort\u00a0<\/em><\/p>\n<p style=\"text-align: right;\">Mieszka\u0144cy So\u0142ectwa Narty &#8211; Warcha\u0142y<\/p>\n<p style=\"text-align: left;\">ngg_shortcode_0_placeholder<\/p>\n","protected":false},"excerpt":{"rendered":"<p>Dnia 18.07.2012 roku w \u015bwietlicy wiejskiej ?Promyczek? w Nartach mieszka\u0144cy  [&#8230;]<\/p>\n","protected":false},"author":55,"featured_media":3418,"comment_status":"closed","ping_status":"open","sticky":false,"template":"","format":"standard","meta":{"ngg_post_thumbnail":0,"footnotes":""},"categories":[1],"tags":[],"class_list":["post-3413","post","type-post","status-publish","format-standard","has-post-thumbnail","hentry","category-wiadomosci"],"_links":{"self":[{"href":"https:\/\/archiwum.jedwabno.pl\/jdbn_json_endpoint\/wp\/v2\/posts\/3413","targetHints":{"allow":["GET"]}}],"collection":[{"href":"https:\/\/archiwum.jedwabno.pl\/jdbn_json_endpoint\/wp\/v2\/posts"}],"about":[{"href":"https:\/\/archiwum.jedwabno.pl\/jdbn_json_endpoint\/wp\/v2\/types\/post"}],"author":[{"embeddable":true,"href":"https:\/\/archiwum.jedwabno.pl\/jdbn_json_endpoint\/wp\/v2\/users\/55"}],"replies":[{"embeddable":true,"href":"https:\/\/archiwum.jedwabno.pl\/jdbn_json_endpoint\/wp\/v2\/comments?post=3413"}],"version-history":[{"count":0,"href":"https:\/\/archiwum.jedwabno.pl\/jdbn_json_endpoint\/wp\/v2\/posts\/3413\/revisions"}],"wp:featuredmedia":[{"embeddable":true,"href":"https:\/\/archiwum.jedwabno.pl\/jdbn_json_endpoint\/wp\/v2\/media\/3418"}],"wp:attachment":[{"href":"https:\/\/archiwum.jedwabno.pl\/jdbn_json_endpoint\/wp\/v2\/media?parent=3413"}],"wp:term":[{"taxonomy":"category","embeddable":true,"href":"https:\/\/archiwum.jedwabno.pl\/jdbn_json_endpoint\/wp\/v2\/categories?post=3413"},{"taxonomy":"post_tag","embeddable":true,"href":"https:\/\/archiwum.jedwabno.pl\/jdbn_json_endpoint\/wp\/v2\/tags?post=3413"}],"curies":[{"name":"wp","href":"https:\/\/api.w.org\/{rel}","templated":true}]}}