{"id":3208,"date":"2012-06-22T11:19:44","date_gmt":"2012-06-22T11:19:44","guid":{"rendered":"https:\/\/www.jedwabno.pl\/?p=3208"},"modified":"2012-06-22T11:19:44","modified_gmt":"2012-06-22T11:19:44","slug":"aktywizacja-i-rozwoj-kompetencji-czlonkow-organizacji-pozarzadowych-z-gminy-jedwabno","status":"publish","type":"post","link":"https:\/\/archiwum.jedwabno.pl\/3208\/aktywizacja-i-rozwoj-kompetencji-czlonkow-organizacji-pozarzadowych-z-gminy-jedwabno","title":{"rendered":"Aktywizacja i rozw\u00f3j kompetencji cz\u0142onk\u00f3w organizacji pozarz\u0105dowych z Gminy Jedwabno"},"content":{"rendered":"<p>Gmina Jedwabno zaprasza lokalnych leader\u00f3w, cz\u0142onk\u00f3w organizacji pozarz\u0105dowych oraz wszystkich ch\u0119tnych do uczestnictwa w szkoleniach realizowanych w ramach projektu:<\/p>\n<p><strong>Aktywizacja i rozw\u00f3j kompetencji cz\u0142onk\u00f3w organizacji pozarz\u0105dowych z\u00a0<\/strong><strong>Gminy Jedwabno<\/strong><\/p>\n<p>tematyka szkolenia obejmuje nast\u0119puj\u0105ce zagadnienia: Tworzenie i zasady funkcjonowania organizacji, \u017ar\u00f3d\u0142a finansowania funkcjonowania inicjatyw obywatelskich, podstawowe zasady ksi\u0119gowo\u015bci w organizacjach spo\u0142ecznych, ekonomia spo\u0142eczna jako mechanizm rozwoju wsp\u00f3lnot lokalnych, organizacja pozarz\u0105dowa jako pracodawca, zarz\u0105dzanie zasobami ludzkimi, organizacja i zarz\u0105dzanie cyklem projekt.<\/p>\n<p>W ramach projektu realizowane b\u0119d\u0105 r\u00f3wnie\u017c konsultacje do potencjalnych beneficjent\u00f3w oraz\u00a0<em>case study<\/em>\u00a0i panele robocze.<br \/>\nSzkolenia realizowane b\u0119d\u0105 odbywa\u0142y si\u0119 w weekendy co 2 tygodnie w siedzibie GOK w Jedwabnie. Start projektu nast\u0105pi 29 czerwca.<\/p>\n<p>Wszelkich informacji udziela Pani Izabela W\u0142odkowska, Punkt Informacji Turystycznej GOK Jedwabno, tel.: 0896213473<br \/>\noraz Bo\u017cydar Marcin B\u0142\u0119cki, UG Jedwabno, tel.: 089 6213045.<\/p>\n","protected":false},"excerpt":{"rendered":"<p>Gmina Jedwabno zaprasza lokalnych leader\u00f3w, cz\u0142onk\u00f3w organizacji pozarz\u0105dowych oraz wszystkich  [&#8230;]<\/p>\n","protected":false},"author":55,"featured_media":0,"comment_status":"closed","ping_status":"open","sticky":false,"template":"","format":"standard","meta":{"ngg_post_thumbnail":0,"footnotes":""},"categories":[1],"tags":[],"class_list":["post-3208","post","type-post","status-publish","format-standard","hentry","category-wiadomosci"],"_links":{"self":[{"href":"https:\/\/archiwum.jedwabno.pl\/jdbn_json_endpoint\/wp\/v2\/posts\/3208","targetHints":{"allow":["GET"]}}],"collection":[{"href":"https:\/\/archiwum.jedwabno.pl\/jdbn_json_endpoint\/wp\/v2\/posts"}],"about":[{"href":"https:\/\/archiwum.jedwabno.pl\/jdbn_json_endpoint\/wp\/v2\/types\/post"}],"author":[{"embeddable":true,"href":"https:\/\/archiwum.jedwabno.pl\/jdbn_json_endpoint\/wp\/v2\/users\/55"}],"replies":[{"embeddable":true,"href":"https:\/\/archiwum.jedwabno.pl\/jdbn_json_endpoint\/wp\/v2\/comments?post=3208"}],"version-history":[{"count":0,"href":"https:\/\/archiwum.jedwabno.pl\/jdbn_json_endpoint\/wp\/v2\/posts\/3208\/revisions"}],"wp:attachment":[{"href":"https:\/\/archiwum.jedwabno.pl\/jdbn_json_endpoint\/wp\/v2\/media?parent=3208"}],"wp:term":[{"taxonomy":"category","embeddable":true,"href":"https:\/\/archiwum.jedwabno.pl\/jdbn_json_endpoint\/wp\/v2\/categories?post=3208"},{"taxonomy":"post_tag","embeddable":true,"href":"https:\/\/archiwum.jedwabno.pl\/jdbn_json_endpoint\/wp\/v2\/tags?post=3208"}],"curies":[{"name":"wp","href":"https:\/\/api.w.org\/{rel}","templated":true}]}}