{"id":3171,"date":"2012-06-19T11:25:14","date_gmt":"2012-06-19T11:25:14","guid":{"rendered":"https:\/\/www.jedwabno.pl\/?p=3171"},"modified":"2012-07-18T11:20:31","modified_gmt":"2012-07-18T11:20:31","slug":"stowarzyszenie-kulturalne-tanecznik","status":"publish","type":"post","link":"https:\/\/archiwum.jedwabno.pl\/3171\/stowarzyszenie-kulturalne-tanecznik","title":{"rendered":"Stowarzyszenie Kulturalne TANECZNIK"},"content":{"rendered":"<p>&nbsp;<\/p>\n<p align=\"center\"><strong>Informacja o dzia\u0142alno\u015bci Stowarzyszenia Kulturalnego TANECZNIK<\/strong><\/p>\n<p>Stowarzyszenie rozpocz\u0119\u0142o swoj\u0105 dzia\u0142alno\u015b\u0107 w styczniu 2012 roku. G\u0142\u00f3wne cele SK Tanecznik to:<\/p>\n<ul>\n<li>wspieranie i propagowanie dzia\u0142alno\u015bci Zespo\u0142u Pie\u015bni i Ta\u0144ca ?Jedwabno?;<\/li>\n<li>kultywowanie folkloru Warmii i Mazur;<\/li>\n<li>propagowanie amatorskiej tw\u00f3rczo\u015bci i aktywno\u015bci kulturalnej.<\/li>\n<\/ul>\n<p>Obecnie stowarzyszenie realizuje <strong>projekt ?Poznaj sw\u00f3j region ta\u0144cem ludowym?.<\/strong><\/p>\n<p>Projekt ma na celu kultywowanie folkloru w formie zabawy, w\u015br\u00f3d dzieci i m\u0142odzie\u017cy. Uczestnicy projektu skorzystaj\u0105 z edukacji kulturalnej, chcemy stworzy\u0107 dzieciom mo\u017cliwo\u015b\u0107 kreatywnego sp\u0119dzania wolnego czasu, zainspirowa\u0107 je do aktywnego uczestnictwa w kulturze, a tak\u017ce zainteresowa\u0107 zanikaj\u0105cym folklorem Warmii i Mazur. Projekt to pr\u00f3ba wyzwolenia potencja\u0142u tw\u00f3rczego dzieci oraz umiej\u0119tno\u015bci wsp\u00f3\u0142dzia\u0142ania w zespole. Zaj\u0119cia odbywaj\u0105 si\u0119 w Witowie, Nowym Dworze, Szuci i Burd\u0105gu, a tak\u017ce w Gminnym O\u015brodku Kultury w Jedwabnie. Warsztaty prowadzone s\u0105 przez wolontariuszki, dziewczyny z ZPiT Jedwabno: Dominik\u0119 Podleck\u0105, Ew\u0119 \u0141achacz, Klaudi\u0119 Piersa, Monik\u0119 Piersa, pod kierownictwem Anny Sarnowskiej.<\/p>\n<p>Realizacj\u0119 projektu dofinansowali:<\/p>\n<ul>\n<li>Polsko-Ameryka\u0144ska Fundacja Wolno\u015bci &#8211; Nidzicki Fundusz Lokalny, program ?Dzia\u0142aj lokalnie?;<\/li>\n<li>Gminna Komisja Rozwi\u0105zywania Problem\u00f3w Alkoholowych w Jedwabnie;<\/li>\n<li>Gmina Jedwabno w ramach realizacji zada\u0144 publicznych 2012 r.<\/li>\n<\/ul>\n<p>Kolejny <strong>projekt to ?Obchody XXX-lecia Zespo\u0142u Pie\u015bni i Ta\u0144ca Jedwabno?.<\/strong><\/p>\n<p>W m-cach lipiec-sierpie\u0144 br zostanie zorganizowana wystawa fotograficzna o historii zespo\u0142u przy wsp\u00f3\u0142pracy z Gminnym O\u015brodkiem Kultury w Jedwabnie. W ramach obchod\u00f3w chcemy zaprosi\u0107 zaprzyja\u017aniony zesp\u00f3\u0142 g\u00f3ralski ?Ciardasie? z Czarnej G\u00f3ry. Rozpocz\u0119\u0142y si\u0119 ju\u017c pr\u00f3by do jubileuszowego koncertu. Scenariusz i choreografi\u0119 spektaklu opracowa\u0142a pani Anna Sarnowska, a ca\u0142o\u015b\u0107 re\u017cyseruje pan Wies\u0142aw Nideraus. <span style=\"text-decoration: underline;\">W koncercie wezm\u0105 udzia\u0142 dzieci z projektu ?Poznaj sw\u00f3j region ta\u0144cem ludowym?.<\/span><\/p>\n<p>W sezonie letnim br (lipiec) stowarzyszenie przy wsp\u00f3\u0142pracy z Gminna Bibliotek\u0105 Publiczn\u0105 w Jedwabnie zorganizuje i poprowadzi <strong>warsztaty teatralne dla dzieci\u00a0 <\/strong>w miejscowo\u015bci Witowo. Fina\u0142 warsztat\u00f3w zostanie przedstawiony\u00a0 spo\u0142eczno\u015bci lokalnej\u00a0 jeszcze w tym roku.<\/p>\n<p>Dzia\u0142aj\u0105cy w stowarzyszeniu ZPiT Jedwabno zwi\u0119kszy\u0142 liczb\u0119 swoich cz\u0142onk\u00f3w i obecnie liczy 29 os\u00f3b. Bogaty w tradycje Warmii i Mazur program taneczno-wokalny cieszy si\u0119 zainteresowaniem o czym \u015bwiadcz\u0105 zaplanowane liczne koncerty odp\u0142atne, a tak\u017ce charytatywne. (np. dla stowarzyszenia ZRYW Jedwabno)<\/p>\n<p>Sponsorami SK Tanecznik s\u0105 r\u00f3wnie\u017c :<\/p>\n<ul>\n<li>Bank Sp\u00f3\u0142dzielczy Szczytno<\/li>\n<li>Nadle\u015bnictwo Jedwabno<\/li>\n<li>Pan Tomasz Orzechowski z Babic\u00a0 k. Warszawy<\/li>\n<\/ul>\n<p>Wszystkim dotychczasowym sponsorom, instytucjom i organizacjom, kt\u00f3rzy wspieraj\u0105 dzia\u0142alno\u015b\u0107 stowarzyszenia serdecznie dzi\u0119kujemy.<\/p>\n<p>&nbsp;<\/p>\n<p>Miros\u0142aw \u0141achacz<\/p>\n<p>Prezes<\/p>\n<p>&nbsp;<\/p>\nngg_shortcode_0_placeholder\n","protected":false},"excerpt":{"rendered":"<p>&nbsp; Informacja o dzia\u0142alno\u015bci Stowarzyszenia Kulturalnego TANECZNIK Stowarzyszenie rozpocz\u0119\u0142o swoj\u0105  [&#8230;]<\/p>\n","protected":false},"author":55,"featured_media":3181,"comment_status":"closed","ping_status":"open","sticky":false,"template":"","format":"standard","meta":{"ngg_post_thumbnail":0,"footnotes":""},"categories":[1],"tags":[],"class_list":["post-3171","post","type-post","status-publish","format-standard","has-post-thumbnail","hentry","category-wiadomosci"],"_links":{"self":[{"href":"https:\/\/archiwum.jedwabno.pl\/jdbn_json_endpoint\/wp\/v2\/posts\/3171","targetHints":{"allow":["GET"]}}],"collection":[{"href":"https:\/\/archiwum.jedwabno.pl\/jdbn_json_endpoint\/wp\/v2\/posts"}],"about":[{"href":"https:\/\/archiwum.jedwabno.pl\/jdbn_json_endpoint\/wp\/v2\/types\/post"}],"author":[{"embeddable":true,"href":"https:\/\/archiwum.jedwabno.pl\/jdbn_json_endpoint\/wp\/v2\/users\/55"}],"replies":[{"embeddable":true,"href":"https:\/\/archiwum.jedwabno.pl\/jdbn_json_endpoint\/wp\/v2\/comments?post=3171"}],"version-history":[{"count":0,"href":"https:\/\/archiwum.jedwabno.pl\/jdbn_json_endpoint\/wp\/v2\/posts\/3171\/revisions"}],"wp:featuredmedia":[{"embeddable":true,"href":"https:\/\/archiwum.jedwabno.pl\/jdbn_json_endpoint\/wp\/v2\/media\/3181"}],"wp:attachment":[{"href":"https:\/\/archiwum.jedwabno.pl\/jdbn_json_endpoint\/wp\/v2\/media?parent=3171"}],"wp:term":[{"taxonomy":"category","embeddable":true,"href":"https:\/\/archiwum.jedwabno.pl\/jdbn_json_endpoint\/wp\/v2\/categories?post=3171"},{"taxonomy":"post_tag","embeddable":true,"href":"https:\/\/archiwum.jedwabno.pl\/jdbn_json_endpoint\/wp\/v2\/tags?post=3171"}],"curies":[{"name":"wp","href":"https:\/\/api.w.org\/{rel}","templated":true}]}}