{"id":3137,"date":"2012-06-11T11:05:52","date_gmt":"2012-06-11T11:05:52","guid":{"rendered":"https:\/\/www.jedwabno.pl\/?p=3137"},"modified":"2012-06-14T12:09:07","modified_gmt":"2012-06-14T12:09:07","slug":"gwiazda-mazurska-2012-8-10-06-2012-rok","status":"publish","type":"post","link":"https:\/\/archiwum.jedwabno.pl\/3137\/gwiazda-mazurska-2012-8-10-06-2012-rok","title":{"rendered":"Gwiazda Mazurska 2012, 8-10.06.2012 rok"},"content":{"rendered":"<p>To by\u0142 wspania\u0142y weekend. Do\u00a0 Gminy Jedwabno zjechali si\u0119 kolarze z ca\u0142ego kraju, aby wzi\u0105\u0107 udzia\u0142 w jedynym w swoim rodzaju etapowym wy\u015bcigu rowerowym ?Gwiazda Mazurska 2012?. Przez cztery dni mi\u0142o\u015bnicy dw\u00f3ch k\u00f3\u0142ek \u015bcigali si\u0119 i korzystali z mazurskich atrakcji w gminach Szczytno, Purda i Jedwabno. Czyli w dw\u00f3ch s\u0142owach, aktywny wypoczynek. Imprez\u0119 zorganizowali Cezary Zamana &#8211; znany kolarz i promotor sportu rowerowego oraz Gminny O\u015brodek Kultury w Jedwabnie.<\/p>\n<p>W Gminie Jedwabno wszystko zacz\u0119\u0142o si\u0119 w pi\u0105tek. Kolarze startowali z miasteczka rowerowego usytuowanego na stadionie sportowym w Jedwabnie. Na bie\u017cni stadionu odby\u0142 si\u0119 tak\u017ce mini maraton rowerowy so\u0142tys\u00f3w o Puchar W\u00f3jta Gminy Jedwabno. Wzi\u0119\u0142o w nim udzia\u0142 jedynie trzech so\u0142tys\u00f3w (Danuta Trzci\u0144ska, Magda G\u0105siorowska, Waldemar Samsel), kt\u00f3rzy \u015bcigali si\u0119 po bie\u017cni stadionu. Wygra\u0142a so\u0142tys Burd\u0105ga Magda G\u0105siorowska. Puchary kolarzom wr\u0119cza\u0142 Krzysztof Otulakowski W\u00f3jt Gminy Jedwabno, Marek Tr\u0119dowski \u00a0Nadle\u015bniczy Nadle\u015bnictwa Jedwabno oraz Ewa Zamana. Nast\u0119pnego dnia (sobota) dla uczestnik\u00f3w maratonu zosta\u0142 zorganizowany wieczorek Gwiazdy Mazurskiej. Na stadionie, gdzie tak\u017ce obozowali kolarze odby\u0142o si\u0119 ognisko prowadzone przez Jerzego Pa\u0142asza dyrektora Gminnego O\u015brodka Kultury w Jedwabnie. Rowerzy\u015bci \u015bpiewali piosenki biesiadne, wymieniali si\u0119 do\u015bwiadczeniami z tras oraz zajadali si\u0119 kie\u0142baskami.\u00a0 Atrakcj\u0105 tego wieczoru by\u0142 spontaniczny mecz Organizatorzy vs. Zawodnicy. W niedziel\u0119 (10.06.2012) na p\u0142ycie stadionu sportowego odby\u0142 si\u0119 fina\u0142 Gwiazdy Mazurskiej i klasyfikacje generalne.\u00a0 Prezentem dla zawodnik\u00f3w maratonu by\u0142o stoisko kulinarne i promocyjne Gminy Jedwabno. Serwowane tam pyszno\u015bci przygotowane przez so\u0142ectwa kusi\u0142y kolarzy. Mo\u017cna by\u0142o tak\u017ce otrzyma\u0107 foldery promuj\u0105ce gmin\u0119 i wzi\u0105\u0107 udzia\u0142 w konkursach z nagrodami. Nagrody ufundowane zosta\u0142y przez Zwi\u0105zek Gmin Warmi\u0144sko ? Mazurskich. Atmosfera tego dnia by\u0142a doskona\u0142a. Ka\u017cdego dnia maratonu startowa\u0142o ponad 300 zawodnik\u00f3w w tym oko\u0142o 60 dzieci do lat 13. Dodatkowo liczna grup\u0119 stanowi\u0142y rodziny zawodnik\u00f3w oraz mieszka\u0144cy Naszej Gminy. Zar\u00f3wno organizatorzy jak i kolarze zadeklarowali ch\u0119\u0107 spotkania w nast\u0119pnym roku.<\/p>\n<p>&nbsp;<\/p>\n<p align=\"center\"><strong><em>Serdeczne podzi\u0119kowania za nieocenion\u0105 pomoc w przygotowaniu stoiska kulinarnego:<\/em><\/strong><\/p>\n<p align=\"center\"><strong>Marianna Bara\u0144ska<\/strong> ? So\u0142ectwo Szu\u0107<\/p>\n<p align=\"center\"><strong>Jolanta Lenga<\/strong> ? So\u0142ectwo Brajniki<\/p>\n<p align=\"center\"><strong>Danuta Trzci\u0144ska<\/strong> ? So\u0142ectwo Nowy Dw\u00f3r<\/p>\n<p align=\"center\"><strong>Anna \u015aledzik<\/strong> ? Ko\u0142o Gospody\u0144 Wiejskich Lipniki<\/p>\n<p align=\"center\"><strong>Janusz G\u0119bczy\u0144ski<\/strong> ? So\u0142ectwo Narty<\/p>\n<p align=\"center\"><strong>Maria Sienkiewicz ? <\/strong>Przewodnicz\u0105ca Rady Gminy Jedwabno<\/p>\n<p align=\"center\"><strong>Gra\u017cyna i Zdzis\u0142aw Piersa<\/strong><\/p>\n<p align=\"center\"><strong>\u00a0<\/strong><\/p>\n<p align=\"center\"><strong><em>oraz sponsorzy<\/em><\/strong><\/p>\n<p align=\"center\">Krzysztof Otulakowski W\u00f3jt Gminy Jedwabno<\/p>\n<p align=\"center\">PHU ?DEST? El\u017cbieta i Szczepan Worobiej<\/p>\n<p align=\"center\">?Go\u015bciniec Mazurski?\u00a0 Maria Sienkiewicz<\/p>\n<p align=\"center\">s.c. KRAM Bo\u017cenna Wyrzykowska &#8211; Buk i Wies\u0142aw Nideraus sie\u0107 sklep\u00f3w ?Lewiatan?<\/p>\n<p align=\"center\">Zwi\u0105zek Gmin Warmi\u0144sko &#8211; Mazurskich<\/p>\n<p align=\"center\"><strong><em>pomoc w organizacji<\/em><\/strong><\/p>\n<p align=\"center\">OSP Jedwabno<\/p>\n<p align=\"center\">OSP Szu\u0107<\/p>\n<p align=\"center\">Marianna Szydlik ? So\u0142ectwo Kot<\/p>\n<p style=\"text-align: left;\" align=\"center\">PI\u0104TEK 08.06.2012<\/p>\n<p style=\"text-align: left;\" align=\"center\">ngg_shortcode_0_placeholder<\/p>\n<p style=\"text-align: left;\" align=\"center\">NIEDZIELA 10.06.2012<\/p>\n<p style=\"text-align: left;\" align=\"center\">ngg_shortcode_1_placeholder<\/p>\n<p align=\"right\"><em>Dzi\u0119kujemy !!!<\/em><\/p>\n<p align=\"right\"><em>Dyrektor wraz z pracownikami Gminnego O\u015brodka kultury<\/em><\/p>\n","protected":false},"excerpt":{"rendered":"<p>To by\u0142 wspania\u0142y weekend. Do\u00a0 Gminy Jedwabno zjechali si\u0119 kolarze  [&#8230;]<\/p>\n","protected":false},"author":55,"featured_media":3141,"comment_status":"closed","ping_status":"open","sticky":false,"template":"","format":"standard","meta":{"ngg_post_thumbnail":0,"footnotes":""},"categories":[1],"tags":[],"class_list":["post-3137","post","type-post","status-publish","format-standard","has-post-thumbnail","hentry","category-wiadomosci"],"_links":{"self":[{"href":"https:\/\/archiwum.jedwabno.pl\/jdbn_json_endpoint\/wp\/v2\/posts\/3137","targetHints":{"allow":["GET"]}}],"collection":[{"href":"https:\/\/archiwum.jedwabno.pl\/jdbn_json_endpoint\/wp\/v2\/posts"}],"about":[{"href":"https:\/\/archiwum.jedwabno.pl\/jdbn_json_endpoint\/wp\/v2\/types\/post"}],"author":[{"embeddable":true,"href":"https:\/\/archiwum.jedwabno.pl\/jdbn_json_endpoint\/wp\/v2\/users\/55"}],"replies":[{"embeddable":true,"href":"https:\/\/archiwum.jedwabno.pl\/jdbn_json_endpoint\/wp\/v2\/comments?post=3137"}],"version-history":[{"count":0,"href":"https:\/\/archiwum.jedwabno.pl\/jdbn_json_endpoint\/wp\/v2\/posts\/3137\/revisions"}],"wp:featuredmedia":[{"embeddable":true,"href":"https:\/\/archiwum.jedwabno.pl\/jdbn_json_endpoint\/wp\/v2\/media\/3141"}],"wp:attachment":[{"href":"https:\/\/archiwum.jedwabno.pl\/jdbn_json_endpoint\/wp\/v2\/media?parent=3137"}],"wp:term":[{"taxonomy":"category","embeddable":true,"href":"https:\/\/archiwum.jedwabno.pl\/jdbn_json_endpoint\/wp\/v2\/categories?post=3137"},{"taxonomy":"post_tag","embeddable":true,"href":"https:\/\/archiwum.jedwabno.pl\/jdbn_json_endpoint\/wp\/v2\/tags?post=3137"}],"curies":[{"name":"wp","href":"https:\/\/api.w.org\/{rel}","templated":true}]}}