{"id":3127,"date":"2012-06-06T17:30:34","date_gmt":"2012-06-06T17:30:34","guid":{"rendered":"https:\/\/www.jedwabno.pl\/?p=3127"},"modified":"2012-06-06T17:30:34","modified_gmt":"2012-06-06T17:30:34","slug":"spotkanie-z-cezarym-zamana-gok-06-06-2012-rok","status":"publish","type":"post","link":"https:\/\/archiwum.jedwabno.pl\/3127\/spotkanie-z-cezarym-zamana-gok-06-06-2012-rok","title":{"rendered":"Spotkanie z Cezarym Zaman\u0105, GOK 06.06.2012 rok"},"content":{"rendered":"<p>Gwiazda Mazurska 2012 &#8211; maraton rowerowy ju\u017c w najbli\u017cszy pi\u0105tek i w zwi\u0105zku z tym w Gminnym O\u015brodku Kultury odby\u0142o si\u0119 spotkanie uczni\u00f3w Zespo\u0142u Szk\u00f3\u0142 w Jedwabnie z wsp\u00f3\u0142organizatorem imprezy Cezarym Zaman\u0105. Prelekcje ze znanym kolarzem dotyczy\u0142y idei samej imprezy, bezpiecze\u0144stwa podczas jazdy rowerem oraz propagowania aktywnego stylu \u017cycia. M\u0142odzie\u017c ch\u0119tnie zadawa\u0142a pytania dotycz\u0105ce organizacji Gwiazdy Mazurskiej i spora cz\u0119\u015b\u0107 uczestnik\u00f3w spotkania zadeklarowa\u0142a ch\u0119\u0107 uczestnictwa w niej. Do zobaczenia na trasach rajdu.<\/p>\n<p>&nbsp;<\/p>\nngg_shortcode_0_placeholder\n","protected":false},"excerpt":{"rendered":"<p>Gwiazda Mazurska 2012 &#8211; maraton rowerowy ju\u017c w najbli\u017cszy pi\u0105tek  [&#8230;]<\/p>\n","protected":false},"author":55,"featured_media":3129,"comment_status":"closed","ping_status":"open","sticky":false,"template":"","format":"standard","meta":{"ngg_post_thumbnail":0,"footnotes":""},"categories":[1],"tags":[],"class_list":["post-3127","post","type-post","status-publish","format-standard","has-post-thumbnail","hentry","category-wiadomosci"],"_links":{"self":[{"href":"https:\/\/archiwum.jedwabno.pl\/jdbn_json_endpoint\/wp\/v2\/posts\/3127","targetHints":{"allow":["GET"]}}],"collection":[{"href":"https:\/\/archiwum.jedwabno.pl\/jdbn_json_endpoint\/wp\/v2\/posts"}],"about":[{"href":"https:\/\/archiwum.jedwabno.pl\/jdbn_json_endpoint\/wp\/v2\/types\/post"}],"author":[{"embeddable":true,"href":"https:\/\/archiwum.jedwabno.pl\/jdbn_json_endpoint\/wp\/v2\/users\/55"}],"replies":[{"embeddable":true,"href":"https:\/\/archiwum.jedwabno.pl\/jdbn_json_endpoint\/wp\/v2\/comments?post=3127"}],"version-history":[{"count":0,"href":"https:\/\/archiwum.jedwabno.pl\/jdbn_json_endpoint\/wp\/v2\/posts\/3127\/revisions"}],"wp:featuredmedia":[{"embeddable":true,"href":"https:\/\/archiwum.jedwabno.pl\/jdbn_json_endpoint\/wp\/v2\/media\/3129"}],"wp:attachment":[{"href":"https:\/\/archiwum.jedwabno.pl\/jdbn_json_endpoint\/wp\/v2\/media?parent=3127"}],"wp:term":[{"taxonomy":"category","embeddable":true,"href":"https:\/\/archiwum.jedwabno.pl\/jdbn_json_endpoint\/wp\/v2\/categories?post=3127"},{"taxonomy":"post_tag","embeddable":true,"href":"https:\/\/archiwum.jedwabno.pl\/jdbn_json_endpoint\/wp\/v2\/tags?post=3127"}],"curies":[{"name":"wp","href":"https:\/\/api.w.org\/{rel}","templated":true}]}}