{"id":3115,"date":"2012-06-04T15:31:53","date_gmt":"2012-06-04T15:31:53","guid":{"rendered":"https:\/\/www.jedwabno.pl\/?p=3115"},"modified":"2012-06-05T07:18:08","modified_gmt":"2012-06-05T07:18:08","slug":"gminne-zawody-sportowo-pozarnicze-jednostek-osp","status":"publish","type":"post","link":"https:\/\/archiwum.jedwabno.pl\/3115\/gminne-zawody-sportowo-pozarnicze-jednostek-osp","title":{"rendered":"Gminne Zawody Sportowo ? Po\u017carnicze Jednostek OSP"},"content":{"rendered":"<p>W niedziel\u0119, 27 maja 2012 r. w miejscowo\u015bci G\u0142uch na terenie gminy Wielbark, odby\u0142y si\u0119 Gminne Zawody Sportowo &#8211; Po\u017carnicze Jednostek Ochotniczych Stra\u017cy Po\u017carnych i M\u0142odzie\u017cowych Dru\u017cyn Po\u017carniczych Gmin Jedwabno i Wielbark. Gmin\u0119 Jedwabno reprezentowa\u0142y nast\u0119puj\u0105ce jednostki: OSP Jedwabno, OSP Nowy Dw\u00f3r, OSP Szu\u0107, M\u0142odzie\u017cowa Dru\u017cyna Po\u017carnicza (dziewcz\u0119ta) z OSP Szu\u0107, M\u0142odzie\u017cowa Dru\u017cyna Po\u017carnicza (ch\u0142opcy 12-16 lat) z OSP Szu\u0107 oraz najm\u0142odsi &#8211; M\u0142odzie\u017cowa Dru\u017cyna Po\u017carnicza (ch\u0142opcy do 12 lat) z OSP Jedwabno. Jak co roku mieli\u015bmy okazj\u0119 zobaczy\u0107 prezentacj\u0119 dru\u017cyn w dw\u00f3ch konkurencjach: sztafeta po\u017carnicza oraz \u0107wiczenie bojowe.<\/p>\n<p>Dru\u017cyna ch\u0142opc\u00f3w z OSP Jedwabno, kt\u00f3rzy nie uko\u0144czyli jeszcze lat 12, zrobi\u0142a ogromne wra\u017cenie na zabranych widzach. Przygotowaniem ch\u0142opc\u00f3w do zawod\u00f3w zaj\u0119li si\u0119 cz\u0142onkowie OSP Jedwabno &#8211; Marcin Zapadka oraz Krzysztof Wa\u017cny. Podczas zawod\u00f3w ch\u0142opc\u00f3w asekurowali doro\u015bli cz\u0142onkowie tej dru\u017cyny. Nale\u017cy nadmieni\u0107, \u017ce m\u0142odzi stra\u017cacy wykonywali sztafet\u0119 na przeszkodach dla doros\u0142ych stra\u017cak\u00f3w (\u015bciana i r\u00f3wnowa\u017cnia), podczas gdy grupa wiekowa 12-16 lat prezentowa\u0142a si\u0119 na przeszkodach dla dzieci i m\u0142odzie\u017cy. M\u0142odzi stra\u017cacy ochotnicy z ogromnym przej\u0119ciem uczestniczyli w pierwszych w ich \u017cyciu tego typu zawodach. By\u0142 zapa\u0142 i pozytywna energia.<\/p>\n<p>Klasyfikacja ko\u0144cowa zawod\u00f3w przedstawia si\u0119 nast\u0119puj\u0105co:<\/p>\n<p>Doro\u015bli:<\/p>\n<p>Miejsce I &#8211; OSP Nowy Dw\u00f3r,<\/p>\n<p>Miejsce II &#8211; OSP Jedwabno,<\/p>\n<p>Miejsce III &#8211;\u00a0 OSP Szu\u0107.<\/p>\n<p>M\u0142odzie\u017c i dzieci:<\/p>\n<p>MDP ? Ch\u0142opcy do lat 12: OSP Jedwabno.<\/p>\n<p>MDP ? Ch\u0142opcy 12-16 lat: OSP Szu\u0107.<\/p>\n<p>MDP ? Dziewcz\u0119ta: OSP Szu\u0107.<\/p>\n<p>W czasie zawod\u00f3w przyznane zosta\u0142y medale i odznaczenia. Srebrny medal ?Za Zas\u0142ugi dla Po\u017carnictwa? otrzyma\u0142 Pan Marek Tr\u0119dowski &#8211; Nadle\u015bniczy Nadle\u015bnictwa Jedwabno, br\u0105zowe medale ?Za Zas\u0142ugi dla Po\u017carnictwa? otrzyma\u0142 Pan Henryk Gorz\u0105ch z OSP Szu\u0107 oraz Nadle\u015bnictwo Jedwabno.<\/p>\n<p>W przysz\u0142ym roku zawody odb\u0119d\u0105 si\u0119 na terenie gminy Jedwabno.<\/p>\n<p>&nbsp;<\/p>\nngg_shortcode_0_placeholder\n<p>Tekst i zdj\u0119cia: Izabela Zapadka<\/p>\n","protected":false},"excerpt":{"rendered":"<p>W niedziel\u0119, 27 maja 2012 r. w miejscowo\u015bci G\u0142uch na  [&#8230;]<\/p>\n","protected":false},"author":55,"featured_media":3125,"comment_status":"closed","ping_status":"open","sticky":false,"template":"","format":"standard","meta":{"ngg_post_thumbnail":0,"footnotes":""},"categories":[1],"tags":[],"class_list":["post-3115","post","type-post","status-publish","format-standard","has-post-thumbnail","hentry","category-wiadomosci"],"_links":{"self":[{"href":"https:\/\/archiwum.jedwabno.pl\/jdbn_json_endpoint\/wp\/v2\/posts\/3115","targetHints":{"allow":["GET"]}}],"collection":[{"href":"https:\/\/archiwum.jedwabno.pl\/jdbn_json_endpoint\/wp\/v2\/posts"}],"about":[{"href":"https:\/\/archiwum.jedwabno.pl\/jdbn_json_endpoint\/wp\/v2\/types\/post"}],"author":[{"embeddable":true,"href":"https:\/\/archiwum.jedwabno.pl\/jdbn_json_endpoint\/wp\/v2\/users\/55"}],"replies":[{"embeddable":true,"href":"https:\/\/archiwum.jedwabno.pl\/jdbn_json_endpoint\/wp\/v2\/comments?post=3115"}],"version-history":[{"count":0,"href":"https:\/\/archiwum.jedwabno.pl\/jdbn_json_endpoint\/wp\/v2\/posts\/3115\/revisions"}],"wp:featuredmedia":[{"embeddable":true,"href":"https:\/\/archiwum.jedwabno.pl\/jdbn_json_endpoint\/wp\/v2\/media\/3125"}],"wp:attachment":[{"href":"https:\/\/archiwum.jedwabno.pl\/jdbn_json_endpoint\/wp\/v2\/media?parent=3115"}],"wp:term":[{"taxonomy":"category","embeddable":true,"href":"https:\/\/archiwum.jedwabno.pl\/jdbn_json_endpoint\/wp\/v2\/categories?post=3115"},{"taxonomy":"post_tag","embeddable":true,"href":"https:\/\/archiwum.jedwabno.pl\/jdbn_json_endpoint\/wp\/v2\/tags?post=3115"}],"curies":[{"name":"wp","href":"https:\/\/api.w.org\/{rel}","templated":true}]}}