{"id":3076,"date":"2012-05-29T10:15:59","date_gmt":"2012-05-29T10:15:59","guid":{"rendered":"https:\/\/www.jedwabno.pl\/?p=3076"},"modified":"2012-05-29T10:16:09","modified_gmt":"2012-05-29T10:16:09","slug":"warminsko-mazurska-izba-rolnicza-kolonie-dzieci-i-mlodziez-w-wieku-7-16-lat","status":"publish","type":"post","link":"https:\/\/archiwum.jedwabno.pl\/3076\/warminsko-mazurska-izba-rolnicza-kolonie-dzieci-i-mlodziez-w-wieku-7-16-lat","title":{"rendered":"Warmi\u0144sko-Mazurska Izba Rolnicza &#8211; Kolonie dla dzieci i m\u0142odzie\u017c w wieku 7-16 lat"},"content":{"rendered":"<p>Biuro Warmi\u0144sko-Mazurskiej Izby Rolniczej informuje, \u017ce rozpocz\u0119\u0142o nab\u00f3r na 14-dniowe kolonie organizowane przez Stowarzyszenie R\u00f3wnych Szans z dofinansowaniem Funduszu Sk\u0142adkowego Ubezpieczenia Spo\u0142ecznego Rolnik\u00f3w.<\/p>\n<p>Pe\u0142ne informacje oraz formularze na stronie:<\/p>\n<p><a href=\"http:\/\/wmirol.org.pl\/aktualnosci\/84\/kolonie-ze-stowarzyszeniem-rownych-szans\">http:\/\/wmirol.org.pl\/aktualnosci\/84\/kolonie-ze-stowarzyszeniem-rownych-szans<\/a><\/p>\n","protected":false},"excerpt":{"rendered":"<p>Biuro Warmi\u0144sko-Mazurskiej Izby Rolniczej informuje, \u017ce rozpocz\u0119\u0142o nab\u00f3r na 14-dniowe  [&#8230;]<\/p>\n","protected":false},"author":55,"featured_media":0,"comment_status":"closed","ping_status":"open","sticky":false,"template":"","format":"standard","meta":{"ngg_post_thumbnail":0,"footnotes":""},"categories":[1],"tags":[],"class_list":["post-3076","post","type-post","status-publish","format-standard","hentry","category-wiadomosci"],"_links":{"self":[{"href":"https:\/\/archiwum.jedwabno.pl\/jdbn_json_endpoint\/wp\/v2\/posts\/3076","targetHints":{"allow":["GET"]}}],"collection":[{"href":"https:\/\/archiwum.jedwabno.pl\/jdbn_json_endpoint\/wp\/v2\/posts"}],"about":[{"href":"https:\/\/archiwum.jedwabno.pl\/jdbn_json_endpoint\/wp\/v2\/types\/post"}],"author":[{"embeddable":true,"href":"https:\/\/archiwum.jedwabno.pl\/jdbn_json_endpoint\/wp\/v2\/users\/55"}],"replies":[{"embeddable":true,"href":"https:\/\/archiwum.jedwabno.pl\/jdbn_json_endpoint\/wp\/v2\/comments?post=3076"}],"version-history":[{"count":0,"href":"https:\/\/archiwum.jedwabno.pl\/jdbn_json_endpoint\/wp\/v2\/posts\/3076\/revisions"}],"wp:attachment":[{"href":"https:\/\/archiwum.jedwabno.pl\/jdbn_json_endpoint\/wp\/v2\/media?parent=3076"}],"wp:term":[{"taxonomy":"category","embeddable":true,"href":"https:\/\/archiwum.jedwabno.pl\/jdbn_json_endpoint\/wp\/v2\/categories?post=3076"},{"taxonomy":"post_tag","embeddable":true,"href":"https:\/\/archiwum.jedwabno.pl\/jdbn_json_endpoint\/wp\/v2\/tags?post=3076"}],"curies":[{"name":"wp","href":"https:\/\/api.w.org\/{rel}","templated":true}]}}