{"id":2993,"date":"2012-05-22T13:44:00","date_gmt":"2012-05-22T13:44:00","guid":{"rendered":"https:\/\/www.jedwabno.pl\/?p=2993"},"modified":"2012-05-23T06:16:23","modified_gmt":"2012-05-23T06:16:23","slug":"vi-miedzygminny-konkurs-piosenki-milosnej-kochac-jak-to-latwo-wyspiewac","status":"publish","type":"post","link":"https:\/\/archiwum.jedwabno.pl\/2993\/vi-miedzygminny-konkurs-piosenki-milosnej-kochac-jak-to-latwo-wyspiewac","title":{"rendered":"VI Mi\u0119dzygminny Konkurs Piosenki Mi\u0142osnej &#8222;Kocha\u0107, jak to \u0142atwo wy\u015bpiewa\u0107&#8221;"},"content":{"rendered":"<p>Dnia 18.05.2012 roku w Gminnym O\u015brodku Kultury odby\u0142 si\u0119\u00a0VI Mi\u0119dzygminny Konkurs Piosenki Mi\u0142osnej &#8222;Kocha\u0107, jak to \u0142atwo wy\u015bpiewa\u0107&#8221;. Uczestnikami konkursu byli uczniowie Zespo\u0142u Szk\u00f3\u0142 w Jedwabnie, Nowego Dworu, Przedszkola Samorz\u0105dowego w Jedwabnie, Szk\u00f3\u0142 Podstawowych i Gimnazj\u00f3w ze Szczytna, \u00a0\u015awi\u0119tajna, Spychowa, Jerutek oraz Wielbarka. \u0141\u0105cznie w konkursie wzi\u0119\u0142o udzia\u0142 32 wykonawc\u00f3w.<\/p>\n<p>Komisja w sk\u0142adzie:<\/p>\n<p>Artur Kot &#8211; przewodnicz\u0105cy<\/p>\n<p>Agata Kowalczyk &#8211; cz\u0142onek<\/p>\n<p>El\u017cbieta Pie\u0144kosz &#8211; cz\u0142onek<\/p>\n<p>Wanda Bojarska &#8211; cz\u0142onek<\/p>\n<p>Komisja ocenia\u0142a w IV grupach wiekowych: \u00a0I gr. \u00a06 &#8211; latki, II gr. klasy I-III (Szko\u0142a Podstawowa), III gr. klasy IV &#8211; VI, IV gr. Gimnazjum.<\/p>\n<p>&nbsp;<\/p>\n<p style=\"text-align: center;\"><em>Zosta\u0142y przyznane nast\u0119puj\u0105ce miejsca:<\/em><\/p>\n<p style=\"text-align: center;\"><strong>\u00a0 \u00a0I gr. \u00a06 &#8211; latki<\/strong><\/p>\n<p style=\"text-align: center;\"><strong>I miejsce<\/strong> &#8211; Julia Go\u017adziewska (Szczytno)<\/p>\n<p style=\"text-align: center;\"><strong>II miejsce<\/strong> &#8211; Arleta Gnoza (Jedwabno)<\/p>\n<p style=\"text-align: center;\"><strong>II gr. klasy I-III (Szko\u0142a Podstawowa)<\/strong><\/p>\n<p style=\"text-align: center;\"><strong>I miejsce<\/strong> &#8211; Weronika Przychodzka (Szczytno)<\/p>\n<p style=\"text-align: center;\"><strong>II miejsce<\/strong> &#8211; Alia Dzieli\u0144ska (Jerutki)<\/p>\n<p style=\"text-align: center;\"><strong>III miejsce &#8211;<\/strong> Dominika Lisicka (Nowy Dw\u00f3r), Szymon Walas (Szczytno)<\/p>\n<p style=\"text-align: center;\"><strong>Wyr\u00f3\u017cnienie &#8211;<\/strong> Aleksandra Gromek (Jedwabno), Wiktoria Brejnak<\/p>\n<p style=\"text-align: center;\"><strong> III gr. klasy IV &#8211; VI \u00a0<\/strong><\/p>\n<p style=\"text-align: center;\"><strong>\u00a0I miejsce &#8211;<\/strong> Kornelia Kobyla\u0144ska (Jerutki)<\/p>\n<p style=\"text-align: center;\"><strong>II miejsce<\/strong> &#8211; Oliwia Lewandowska (Spychowo)<\/p>\n<p style=\"text-align: center;\"><strong>III miejsce<\/strong> &#8211; Roksana Rochmalska ( \u00a0\u015awi\u0119tajno)<\/p>\n<p style=\"text-align: center;\"><strong>Wyr\u00f3\u017cnienie<\/strong> &#8211; Sylwia K\u0142oskowska (Jedwabno)<\/p>\n<p style=\"text-align: center;\">\u00a0<strong> IV gr. Gimnazjum.\u00a0<\/strong><\/p>\n<p style=\"text-align: center;\"><strong>I miejsce<\/strong> &#8211; Aleksandra \u0141ubi\u0144ska ( \u015awi\u0119tajno)<\/p>\n<p style=\"text-align: center;\"><strong>II miejsce<\/strong> &#8211; Paulina Witaszek (Wielbark)<\/p>\n<p style=\"text-align: center;\"><strong>III miejsce<\/strong> &#8211; Natalia Kakowska (Jedwabno)<\/p>\n<p style=\"text-align: center;\"><strong>Wyr\u00f3\u017cnienie<\/strong> &#8211; Aleksandra Lubowiecka (Jedwabno), Karolina Berk (Wielbark)<\/p>\n<p style=\"text-align: left;\">Zwyci\u0119zcy konkursu otrzymali statuetki, dyplomy oraz nagrody rzeczowe, za\u015b pozostali uczestnicy dyplomy za udzia\u0142. Organizatorami konkursu byli Zesp\u00f3\u0142 Szk\u00f3\u0142 w Jedwabnie wraz z Gminnym O\u015brodkiem Kultury w Jedwabnie.<\/p>\n<p>&nbsp;<\/p>\n","protected":false},"excerpt":{"rendered":"<p>Dnia 18.05.2012 roku w Gminnym O\u015brodku Kultury odby\u0142 si\u0119\u00a0VI Mi\u0119dzygminny  [&#8230;]<\/p>\n","protected":false},"author":55,"featured_media":2995,"comment_status":"closed","ping_status":"open","sticky":false,"template":"","format":"standard","meta":{"ngg_post_thumbnail":0,"footnotes":""},"categories":[1],"tags":[],"class_list":["post-2993","post","type-post","status-publish","format-standard","has-post-thumbnail","hentry","category-wiadomosci"],"_links":{"self":[{"href":"https:\/\/archiwum.jedwabno.pl\/jdbn_json_endpoint\/wp\/v2\/posts\/2993","targetHints":{"allow":["GET"]}}],"collection":[{"href":"https:\/\/archiwum.jedwabno.pl\/jdbn_json_endpoint\/wp\/v2\/posts"}],"about":[{"href":"https:\/\/archiwum.jedwabno.pl\/jdbn_json_endpoint\/wp\/v2\/types\/post"}],"author":[{"embeddable":true,"href":"https:\/\/archiwum.jedwabno.pl\/jdbn_json_endpoint\/wp\/v2\/users\/55"}],"replies":[{"embeddable":true,"href":"https:\/\/archiwum.jedwabno.pl\/jdbn_json_endpoint\/wp\/v2\/comments?post=2993"}],"version-history":[{"count":0,"href":"https:\/\/archiwum.jedwabno.pl\/jdbn_json_endpoint\/wp\/v2\/posts\/2993\/revisions"}],"wp:featuredmedia":[{"embeddable":true,"href":"https:\/\/archiwum.jedwabno.pl\/jdbn_json_endpoint\/wp\/v2\/media\/2995"}],"wp:attachment":[{"href":"https:\/\/archiwum.jedwabno.pl\/jdbn_json_endpoint\/wp\/v2\/media?parent=2993"}],"wp:term":[{"taxonomy":"category","embeddable":true,"href":"https:\/\/archiwum.jedwabno.pl\/jdbn_json_endpoint\/wp\/v2\/categories?post=2993"},{"taxonomy":"post_tag","embeddable":true,"href":"https:\/\/archiwum.jedwabno.pl\/jdbn_json_endpoint\/wp\/v2\/tags?post=2993"}],"curies":[{"name":"wp","href":"https:\/\/api.w.org\/{rel}","templated":true}]}}