{"id":2980,"date":"2012-05-16T07:23:49","date_gmt":"2012-05-16T07:23:49","guid":{"rendered":"https:\/\/www.jedwabno.pl\/?p=2980"},"modified":"2012-05-16T07:23:49","modified_gmt":"2012-05-16T07:23:49","slug":"informacja-o-naborze-kandydatow-do-sluzby-w-komendzie-powiatowej-psp-w-szczytnie","status":"publish","type":"post","link":"https:\/\/archiwum.jedwabno.pl\/2980\/informacja-o-naborze-kandydatow-do-sluzby-w-komendzie-powiatowej-psp-w-szczytnie","title":{"rendered":"Informacja o naborze kandydat\u00f3w do s\u0142u\u017cby w Komendzie Powiatowej PSP w Szczytnie"},"content":{"rendered":"<p style=\"text-align: center;\"><a href=\"https:\/\/archiwum.jedwabno.pl\/wp-content\/uploads\/2012\/05\/psp-nabor.jpg\"><img decoding=\"async\" class=\"aligncenter  wp-image-2981\" title=\"psp-nabor\" src=\"https:\/\/archiwum.jedwabno.pl\/wp-content\/uploads\/2012\/05\/psp-nabor.jpg\" alt=\"\" width=\"709\" height=\"1002\" \/><\/a><\/p>\n","protected":false},"excerpt":{"rendered":"","protected":false},"author":55,"featured_media":0,"comment_status":"closed","ping_status":"open","sticky":false,"template":"","format":"standard","meta":{"ngg_post_thumbnail":0,"footnotes":""},"categories":[1],"tags":[],"class_list":["post-2980","post","type-post","status-publish","format-standard","hentry","category-wiadomosci"],"_links":{"self":[{"href":"https:\/\/archiwum.jedwabno.pl\/jdbn_json_endpoint\/wp\/v2\/posts\/2980","targetHints":{"allow":["GET"]}}],"collection":[{"href":"https:\/\/archiwum.jedwabno.pl\/jdbn_json_endpoint\/wp\/v2\/posts"}],"about":[{"href":"https:\/\/archiwum.jedwabno.pl\/jdbn_json_endpoint\/wp\/v2\/types\/post"}],"author":[{"embeddable":true,"href":"https:\/\/archiwum.jedwabno.pl\/jdbn_json_endpoint\/wp\/v2\/users\/55"}],"replies":[{"embeddable":true,"href":"https:\/\/archiwum.jedwabno.pl\/jdbn_json_endpoint\/wp\/v2\/comments?post=2980"}],"version-history":[{"count":0,"href":"https:\/\/archiwum.jedwabno.pl\/jdbn_json_endpoint\/wp\/v2\/posts\/2980\/revisions"}],"wp:attachment":[{"href":"https:\/\/archiwum.jedwabno.pl\/jdbn_json_endpoint\/wp\/v2\/media?parent=2980"}],"wp:term":[{"taxonomy":"category","embeddable":true,"href":"https:\/\/archiwum.jedwabno.pl\/jdbn_json_endpoint\/wp\/v2\/categories?post=2980"},{"taxonomy":"post_tag","embeddable":true,"href":"https:\/\/archiwum.jedwabno.pl\/jdbn_json_endpoint\/wp\/v2\/tags?post=2980"}],"curies":[{"name":"wp","href":"https:\/\/api.w.org\/{rel}","templated":true}]}}