{"id":2947,"date":"2012-05-09T13:49:26","date_gmt":"2012-05-09T13:49:26","guid":{"rendered":"https:\/\/www.jedwabno.pl\/?p=2947"},"modified":"2012-05-09T13:49:26","modified_gmt":"2012-05-09T13:49:26","slug":"lgd-szkolenie-z-zakresu-projektowania-ogrodow","status":"publish","type":"post","link":"https:\/\/archiwum.jedwabno.pl\/2947\/lgd-szkolenie-z-zakresu-projektowania-ogrodow","title":{"rendered":"LGD &#8211; Szkolenie z zakresu projektowania ogrod\u00f3w"},"content":{"rendered":"<p>Szanowni Pa\u0144stwo<\/p>\n<p>W dniach 26 maja i 29 maja 2012r. Lokalna Grupa Dzia\u0142ania &#8222;Brama\u00a0Mazurskiej Krainy&#8221; organizuje szkolenie z zakresu projektowania<br \/>\nogrod\u00f3w. Pierwsze szkolenie 26.05.2012r. odb\u0119dzie si\u0119 w Pensjonacie\u00a0?Le\u015bny Zak\u0105tek? w Spychowie, szkolenie w dniu 29.05.2012r. b\u0119dzie<br \/>\nmia\u0142o miejsce w Garncarskiej Wiosce w Kamionce k\/Nidzicy. Prosimy o\u00a0rozpowszechnienie informacji w\u015br\u00f3d zainteresowanych tematyk\u0105 aran\u017cacji\u00a0ogrodowych oraz popraw\u0105 estetyki wsi. Na zg\u0142oszenia czekamy do 22 maja\u00a0br. Formularz zg\u0142oszeniowy nale\u017cy wys\u0142a\u0107 e-mailem (<a href=\"mailto:lgd@nida.pl\">lgd@nida.pl<\/a>) lub\u00a0poczt\u0105 na adres biura LGD. Podczas wype\u0142niania formularza nale\u017cy\u00a0pami\u0119ta\u0107 o zaznaczeniu lokalizacji wybranego terminu szkolenia.<\/p>\n<p>Wi\u0119cej informacji na temat szkolenia mo\u017cna uzyska\u0107 pod numerem tel.:<br \/>\n89\u00a0625 43 37.<\/p>\n<p>Serdecznie zapraszamy do udzia\u0142u w szkoleniu!<\/p>\n","protected":false},"excerpt":{"rendered":"<p>Szanowni Pa\u0144stwo W dniach 26 maja i 29 maja 2012r.  [&#8230;]<\/p>\n","protected":false},"author":55,"featured_media":0,"comment_status":"closed","ping_status":"open","sticky":false,"template":"","format":"standard","meta":{"ngg_post_thumbnail":0,"footnotes":""},"categories":[1],"tags":[],"class_list":["post-2947","post","type-post","status-publish","format-standard","hentry","category-wiadomosci"],"_links":{"self":[{"href":"https:\/\/archiwum.jedwabno.pl\/jdbn_json_endpoint\/wp\/v2\/posts\/2947","targetHints":{"allow":["GET"]}}],"collection":[{"href":"https:\/\/archiwum.jedwabno.pl\/jdbn_json_endpoint\/wp\/v2\/posts"}],"about":[{"href":"https:\/\/archiwum.jedwabno.pl\/jdbn_json_endpoint\/wp\/v2\/types\/post"}],"author":[{"embeddable":true,"href":"https:\/\/archiwum.jedwabno.pl\/jdbn_json_endpoint\/wp\/v2\/users\/55"}],"replies":[{"embeddable":true,"href":"https:\/\/archiwum.jedwabno.pl\/jdbn_json_endpoint\/wp\/v2\/comments?post=2947"}],"version-history":[{"count":0,"href":"https:\/\/archiwum.jedwabno.pl\/jdbn_json_endpoint\/wp\/v2\/posts\/2947\/revisions"}],"wp:attachment":[{"href":"https:\/\/archiwum.jedwabno.pl\/jdbn_json_endpoint\/wp\/v2\/media?parent=2947"}],"wp:term":[{"taxonomy":"category","embeddable":true,"href":"https:\/\/archiwum.jedwabno.pl\/jdbn_json_endpoint\/wp\/v2\/categories?post=2947"},{"taxonomy":"post_tag","embeddable":true,"href":"https:\/\/archiwum.jedwabno.pl\/jdbn_json_endpoint\/wp\/v2\/tags?post=2947"}],"curies":[{"name":"wp","href":"https:\/\/api.w.org\/{rel}","templated":true}]}}