{"id":2939,"date":"2012-05-09T08:49:37","date_gmt":"2012-05-09T08:49:37","guid":{"rendered":"https:\/\/www.jedwabno.pl\/?p=2939"},"modified":"2012-05-09T08:55:02","modified_gmt":"2012-05-09T08:55:02","slug":"lokalna-grupa-dzialania-%e2%80%9ebrama-mazurskiej-krainy-wyjazd-studyjny","status":"publish","type":"post","link":"https:\/\/archiwum.jedwabno.pl\/2939\/lokalna-grupa-dzialania-%e2%80%9ebrama-mazurskiej-krainy-wyjazd-studyjny","title":{"rendered":"Lokalna Grupa Dzia\u0142ania ?Brama Mazurskiej Krainy? &#8211; wyjazd studyjny"},"content":{"rendered":"<p>Szanowni Pa\u0144stwo<\/p>\n<p>W dniach 14-16 czerwca 2012 r. Lokalna Grupa Dzia\u0142ania ?Brama Mazurskiej Krainy? organizuje wyjazd studyjny do LGD ?Partnerstwo dla Doliny Baryczy? z siedzib\u0105 w Miliczu. Celem wizyty jest wymiana do\u015bwiadcze\u0144 w zakresie tworzenia i realizacji wiejskich ofert turystycznych oraz powstawania wiosek tematycznych. W szczeg\u00f3lno\u015bci do wyjazdu zach\u0119camy przedstawicieli organizacji pozarz\u0105dowych, grup nieformalnych, lider\u00f3w lokalnych, rolnik\u00f3w oraz wszystkich zainteresowanych mieszka\u0144c\u00f3w obszaru LGD ?Brama Mazurskiej Krainy?. Wszystkich zainteresowanych prosimy o przesy\u0142anie zg\u0142osze\u0144 uczestnictwa do 06 czerwca br.<\/p>\n<p>W za\u0142\u0105czeniu <a href=\"https:\/\/archiwum.jedwabno.pl\/wp-content\/uploads\/2012\/05\/Formularz-zg\u0142oszeniowy-do-LGD_.doc\">formularz zg\u0142oszeniowy<\/a>.<\/p>\n<p>Lokalna Grupa Dzia\u0142ania<br \/>\n&#8222;Brama Mazurskiej Krainy&#8221;<br \/>\nPlac Wolno\u015bci 1<br \/>\n13-100 Nidzica<\/p>\n<p>&nbsp;<\/p>\n","protected":false},"excerpt":{"rendered":"<p>Szanowni Pa\u0144stwo W dniach 14-16 czerwca 2012 r. Lokalna Grupa  [&#8230;]<\/p>\n","protected":false},"author":55,"featured_media":0,"comment_status":"closed","ping_status":"open","sticky":false,"template":"","format":"standard","meta":{"ngg_post_thumbnail":0,"footnotes":""},"categories":[1],"tags":[],"class_list":["post-2939","post","type-post","status-publish","format-standard","hentry","category-wiadomosci"],"_links":{"self":[{"href":"https:\/\/archiwum.jedwabno.pl\/jdbn_json_endpoint\/wp\/v2\/posts\/2939","targetHints":{"allow":["GET"]}}],"collection":[{"href":"https:\/\/archiwum.jedwabno.pl\/jdbn_json_endpoint\/wp\/v2\/posts"}],"about":[{"href":"https:\/\/archiwum.jedwabno.pl\/jdbn_json_endpoint\/wp\/v2\/types\/post"}],"author":[{"embeddable":true,"href":"https:\/\/archiwum.jedwabno.pl\/jdbn_json_endpoint\/wp\/v2\/users\/55"}],"replies":[{"embeddable":true,"href":"https:\/\/archiwum.jedwabno.pl\/jdbn_json_endpoint\/wp\/v2\/comments?post=2939"}],"version-history":[{"count":0,"href":"https:\/\/archiwum.jedwabno.pl\/jdbn_json_endpoint\/wp\/v2\/posts\/2939\/revisions"}],"wp:attachment":[{"href":"https:\/\/archiwum.jedwabno.pl\/jdbn_json_endpoint\/wp\/v2\/media?parent=2939"}],"wp:term":[{"taxonomy":"category","embeddable":true,"href":"https:\/\/archiwum.jedwabno.pl\/jdbn_json_endpoint\/wp\/v2\/categories?post=2939"},{"taxonomy":"post_tag","embeddable":true,"href":"https:\/\/archiwum.jedwabno.pl\/jdbn_json_endpoint\/wp\/v2\/tags?post=2939"}],"curies":[{"name":"wp","href":"https:\/\/api.w.org\/{rel}","templated":true}]}}