{"id":2896,"date":"2012-05-02T11:52:15","date_gmt":"2012-05-02T11:52:15","guid":{"rendered":"https:\/\/www.jedwabno.pl\/?p=2896"},"modified":"2012-05-04T07:19:54","modified_gmt":"2012-05-04T07:19:54","slug":"konkurs-historyczny-biel-i-czerwien-w-naszej-historii-gok-30-04-2012-rok","status":"publish","type":"post","link":"https:\/\/archiwum.jedwabno.pl\/2896\/konkurs-historyczny-biel-i-czerwien-w-naszej-historii-gok-30-04-2012-rok","title":{"rendered":"Konkurs historyczny &#8222;BIEL I CZERWIE\u0143 W NASZEJ HISTORII&#8221;, GOK 30.04.2012 rok"},"content":{"rendered":"<p>Dnia 30.04.2012 roku Gminny O\u015brodek Kultury w Jedwabnie przy wsp\u00f3\u0142pracy z \u00a0Zespo\u0142em Szk\u00f3\u0142 w Jedwabnie zorganizowa\u0142 konkurs historyczny &#8222;BIEL I CZERWIE\u0143 W NASZEJ HISTORII&#8221;. Pierwsze eliminacje uczestnik\u00f3w odby\u0142y si\u0119 w szkole, nast\u0119pnie finali\u015bci na sali kinowej w GOK-u zmagali si\u0119 z pytaniami \u00a0przygotowanymi przez Ann\u0119 Malinowsk\u0105. Konkurs opracowany zosta\u0142 w oparciu o regulamin teleturnieju telewizyjnego\u00a0 &#8222;1 z 10&#8221;. \u00a0Ka\u017cdy z finalist\u00f3w konkursu otrzyma\u0142 nagrod\u0119 rzeczow\u0105 w postaci ksi\u0105\u017cki. Nagrod\u0119 dla zwyci\u0119zcy konkursu ufundowa\u0142 Krzysztof Otulakowski W\u00f3jt Gminy Jedwabno.<\/p>\n<p><em>W sk\u0142ad komisji oceniaj\u0105cej weszli:<\/em><\/p>\n<p>Szczepan Worobiej &#8211; przewodnicz\u0105cy<\/p>\n<p>Danuta Orzo\u0142ek &#8211; cz\u0142onek<\/p>\n<p>Jerzy Pa\u0142asz &#8211; cz\u0142onek<\/p>\n<p>Joanna Jankowska &#8211; cz\u0142onek, obserwator<\/p>\n<p>&nbsp;<\/p>\n<p style=\"text-align: left;\"><em>Uczestnicy konkursu historycznego:<\/em><\/p>\n<p style=\"text-align: left;\"><strong>Rafa\u0142 Krajza (III B) &#8211; I miejsce<\/strong><\/p>\n<p style=\"text-align: left;\"><strong>Katarzyna Bogucka (III B) &#8211; II miejsce<\/strong><\/p>\n<p style=\"text-align: left;\"><strong>Adam Mierzejewski (III B) &#8211; III miejsce<\/strong><\/p>\n<p style=\"text-align: left;\">Marta Szewczyk (III B)<\/p>\n<p style=\"text-align: left;\">Bartosz Niksa (I B)<\/p>\n<p style=\"text-align: left;\">Jaros\u0142aw Szcze\u015bniak (I B)<\/p>\n<p style=\"text-align: left;\">Karol Kuszpa (I B)<\/p>\n<p style=\"text-align: left;\">Jerzy Otulakowski (I B)<\/p>\n<p style=\"text-align: left;\">Micha\u0142 Kowalczyk (I B)<\/p>\n<p style=\"text-align: left;\">Martyna Pietruczuk (I B)<\/p>\n<p style=\"text-align: left;\">Weronika P\u0142oska (I B)<\/p>\n<p style=\"text-align: left;\">Piotr Tomaszek (II A)<\/p>\n<p style=\"text-align: left;\">ngg_shortcode_0_placeholder<\/p>\n","protected":false},"excerpt":{"rendered":"<p>Dnia 30.04.2012 roku Gminny O\u015brodek Kultury w Jedwabnie przy wsp\u00f3\u0142pracy  [&#8230;]<\/p>\n","protected":false},"author":55,"featured_media":2897,"comment_status":"closed","ping_status":"open","sticky":false,"template":"","format":"standard","meta":{"ngg_post_thumbnail":0,"footnotes":""},"categories":[1],"tags":[],"class_list":["post-2896","post","type-post","status-publish","format-standard","has-post-thumbnail","hentry","category-wiadomosci"],"_links":{"self":[{"href":"https:\/\/archiwum.jedwabno.pl\/jdbn_json_endpoint\/wp\/v2\/posts\/2896","targetHints":{"allow":["GET"]}}],"collection":[{"href":"https:\/\/archiwum.jedwabno.pl\/jdbn_json_endpoint\/wp\/v2\/posts"}],"about":[{"href":"https:\/\/archiwum.jedwabno.pl\/jdbn_json_endpoint\/wp\/v2\/types\/post"}],"author":[{"embeddable":true,"href":"https:\/\/archiwum.jedwabno.pl\/jdbn_json_endpoint\/wp\/v2\/users\/55"}],"replies":[{"embeddable":true,"href":"https:\/\/archiwum.jedwabno.pl\/jdbn_json_endpoint\/wp\/v2\/comments?post=2896"}],"version-history":[{"count":0,"href":"https:\/\/archiwum.jedwabno.pl\/jdbn_json_endpoint\/wp\/v2\/posts\/2896\/revisions"}],"wp:featuredmedia":[{"embeddable":true,"href":"https:\/\/archiwum.jedwabno.pl\/jdbn_json_endpoint\/wp\/v2\/media\/2897"}],"wp:attachment":[{"href":"https:\/\/archiwum.jedwabno.pl\/jdbn_json_endpoint\/wp\/v2\/media?parent=2896"}],"wp:term":[{"taxonomy":"category","embeddable":true,"href":"https:\/\/archiwum.jedwabno.pl\/jdbn_json_endpoint\/wp\/v2\/categories?post=2896"},{"taxonomy":"post_tag","embeddable":true,"href":"https:\/\/archiwum.jedwabno.pl\/jdbn_json_endpoint\/wp\/v2\/tags?post=2896"}],"curies":[{"name":"wp","href":"https:\/\/api.w.org\/{rel}","templated":true}]}}