{"id":2837,"date":"2012-04-20T11:14:45","date_gmt":"2012-04-20T11:14:45","guid":{"rendered":"https:\/\/www.jedwabno.pl\/?p=2837"},"modified":"2012-04-20T11:14:45","modified_gmt":"2012-04-20T11:14:45","slug":"gminny-konkurs-recytatorski-wiosna-w-poezji-rozstrzygniety-12-04-2012-rok","status":"publish","type":"post","link":"https:\/\/archiwum.jedwabno.pl\/2837\/gminny-konkurs-recytatorski-wiosna-w-poezji-rozstrzygniety-12-04-2012-rok","title":{"rendered":"Gminny konkurs recytatorski &#8222;Wiosna w poezji&#8221; rozstrzygni\u0119ty, 12.04.2012 rok"},"content":{"rendered":"<p>Gminny konkurs recytatorski &#8222;Wiosna w poezji&#8221; rozstrzygni\u0119ty.<\/p>\n<p>Komisja w sk\u0142adzie: Wanda Bojarska, Teresa Brejnak, Irena Cytruk, Jerzy Pa\u0142asz oraz Danuta Orzo\u0142ek wys\u0142uchali ponad 30 wierszy o wio\u015bnie. W przes\u0142uchaniach konkursowych w Gminnej Bibliotece wzi\u0119\u0142o udzia\u0142 39 dzieci z przedszkola , klas I &#8211; III i IV ? VI Szko\u0142y Podstawowej. W tegorocznym konkursie nie wzi\u0119\u0142a udzia\u0142u m\u0142odzie\u017c gimnazjalna.<\/p>\n<p>Nagrodzeni laureaci konkursu to:<\/p>\n<p><strong>grupa przedszkolak\u00f3w:<\/strong><\/p>\n<p>I miejsce: Oliwia Bautz, Julia Rumi\u0144ska, Dominika Matuszewska, Antoni Michalak, Mi\u0142osz Kowalczyk<\/p>\n<p>II miejsce: Justyna Brejnak, Kacper Lema\u0144ski<\/p>\n<p>III miejsce: Wiktoria Stempel<\/p>\n<p><strong>klasy I &#8211; III\u00a0<\/strong><\/p>\n<p>I miejsce: Maria Deptu\u0142a, Zuzanna Mazur, Mateusz Gromek, Zofia Pie\u0144kosz<\/p>\n<p>II miejsce: Julia Kruk, Aleksandra Gromek, Ma\u0142gorzata Michalak<\/p>\n<p>III miejsce: Kinga Lema\u0144ska, Wiktoria Brejnak, Natalia Kowalczyk<\/p>\n<p><strong>klasy IV &#8211; VI<\/strong><\/p>\n<p>I miejsce: Krzysztof Michalak<\/p>\n<p>II miejsce: Agata Koz\u0142owska<\/p>\n<p>III miejsce: Natalia Pi\u00f3rkowska<\/p>\n<p><em><br \/>\n<\/em><\/p>\n","protected":false},"excerpt":{"rendered":"<p>Gminny konkurs recytatorski &#8222;Wiosna w poezji&#8221; rozstrzygni\u0119ty. Komisja w sk\u0142adzie:  [&#8230;]<\/p>\n","protected":false},"author":55,"featured_media":2838,"comment_status":"closed","ping_status":"open","sticky":false,"template":"","format":"standard","meta":{"ngg_post_thumbnail":0,"footnotes":""},"categories":[1],"tags":[],"class_list":["post-2837","post","type-post","status-publish","format-standard","has-post-thumbnail","hentry","category-wiadomosci"],"_links":{"self":[{"href":"https:\/\/archiwum.jedwabno.pl\/jdbn_json_endpoint\/wp\/v2\/posts\/2837","targetHints":{"allow":["GET"]}}],"collection":[{"href":"https:\/\/archiwum.jedwabno.pl\/jdbn_json_endpoint\/wp\/v2\/posts"}],"about":[{"href":"https:\/\/archiwum.jedwabno.pl\/jdbn_json_endpoint\/wp\/v2\/types\/post"}],"author":[{"embeddable":true,"href":"https:\/\/archiwum.jedwabno.pl\/jdbn_json_endpoint\/wp\/v2\/users\/55"}],"replies":[{"embeddable":true,"href":"https:\/\/archiwum.jedwabno.pl\/jdbn_json_endpoint\/wp\/v2\/comments?post=2837"}],"version-history":[{"count":0,"href":"https:\/\/archiwum.jedwabno.pl\/jdbn_json_endpoint\/wp\/v2\/posts\/2837\/revisions"}],"wp:featuredmedia":[{"embeddable":true,"href":"https:\/\/archiwum.jedwabno.pl\/jdbn_json_endpoint\/wp\/v2\/media\/2838"}],"wp:attachment":[{"href":"https:\/\/archiwum.jedwabno.pl\/jdbn_json_endpoint\/wp\/v2\/media?parent=2837"}],"wp:term":[{"taxonomy":"category","embeddable":true,"href":"https:\/\/archiwum.jedwabno.pl\/jdbn_json_endpoint\/wp\/v2\/categories?post=2837"},{"taxonomy":"post_tag","embeddable":true,"href":"https:\/\/archiwum.jedwabno.pl\/jdbn_json_endpoint\/wp\/v2\/tags?post=2837"}],"curies":[{"name":"wp","href":"https:\/\/api.w.org\/{rel}","templated":true}]}}