{"id":2827,"date":"2012-04-17T08:33:27","date_gmt":"2012-04-17T08:33:27","guid":{"rendered":"https:\/\/www.jedwabno.pl\/?p=2827"},"modified":"2012-04-18T07:30:47","modified_gmt":"2012-04-18T07:30:47","slug":"zaproszenie-na-iii-forum-inicjatyw-lokalnych","status":"publish","type":"post","link":"https:\/\/archiwum.jedwabno.pl\/2827\/zaproszenie-na-iii-forum-inicjatyw-lokalnych","title":{"rendered":"Zaproszenie na III Forum Inicjatyw Lokalnych!"},"content":{"rendered":"<p>W dniach 8-9 maja 2012 roku w Zalesiu k. Barczewa odb\u0119dzie si\u0119 trzecie Forum Inicjatyw Lokalnych, na kt\u00f3re Regionalne O\u015brodki EFS w Olsztynie, Elbl\u0105gu i E\u0142ku oraz Sie\u0107 Wspierania Rozwoju Lokalnego ?HEROLD? zapraszaj\u0105 przedstawicieli organizacji i instytucji zainteresowanych tematyk\u0105 aktywnych spo\u0142eczno\u015bci, partnerstw oraz rozwoju lokalnego.<\/p>\n<p>Podczas Forum zaprezentujemy model aktywnych spo\u0142eczno\u015bci, kt\u00f3ry wskazuje fundamenty niezb\u0119dne do rozwoju lokalnego oraz prowadz\u0105ce do spo\u0142eczno\u015bci aktywnej, samodzielnej, solidarnej, zintegrowanej dzi\u0119ki to\u017csamo\u015bci i zaanga\u017cowaniu. B\u0119dziemy podkre\u015blali kluczow\u0105 rol\u0119 partnerstw lokalnych w tym procesie, wskazuj\u0105c sprawdzone metody ich budowania i wspierania w rozwoju oraz pokazuj\u0105c r\u00f3\u017cnice pomi\u0119dzy partnerstwami instytucjonalnymi a indywidualnymi. Niezwykle wa\u017cn\u0105 rol\u0105 Forum jest pokazanie r\u00f3\u017cnorodno\u015bci dzia\u0142a\u0144 spo\u0142ecznych, wskazania r\u00f3\u017cnych czynnik\u00f3w sukcesu, wymiana do\u015bwiadcze\u0144 w zakresie identyfikowania i wykorzystywania zasob\u00f3w lokalnych oraz anga\u017cowania i motywowania mieszka\u0144c\u00f3w do dzia\u0142ania.<\/p>\n<p>Uczestnik\u00f3w Forum zapraszamy r\u00f3wnie\u017c do udzia\u0142u i zaprezentowania siebie i swoich dzia\u0142a\u0144 podczas Targ\u00f3w Inicjatyw Lokalnych. Chcemy poprzez targi pokaza\u0107 potencja\u0142 organizacji i spo\u0142eczno\u015bci lokalnych, ich inicjatywy, projekty, produkty.<\/p>\n<p>Forum to \u015bwietna okazja nie tylko do nabycia wiedzy podczas licznych seminari\u00f3w, ale tak\u017ce do wymiany do\u015bwiadcze\u0144 i integracji aktywnych spo\u0142eczno\u015bci lokalnych z wojew\u00f3dztwa warmi\u0144sko-mazurskiego.<\/p>\n<p>Uczestnictwo w Forum Inicjatyw Lokalnych jest bezp\u0142atne, aby wzi\u0105\u0107 w nim udzia\u0142 nale\u017cy wype\u0142ni\u0107 <a href=\"http:\/\/roefs.pl\/pobieralnia\/10343\/9538\/0\/\">za\u0142\u0105czony formularz zg\u0142oszeniowy<\/a> i przes\u0142a\u0107 do biura Regionalnego O\u015brodka EFS w Olsztynie na nr. fax: 89 523 73 45 lub adres e-mail: info_olsztyn@roefs.pl. Osobom zainteresowanym oferujemy transport z Olsztyna.<\/p>\n<p>Zg\u0142oszenia przyjmowane b\u0119d\u0105 do 25 kwietnia 2012 r.<\/p>\n","protected":false},"excerpt":{"rendered":"<p>W dniach 8-9 maja 2012 roku w Zalesiu k. Barczewa  [&#8230;]<\/p>\n","protected":false},"author":55,"featured_media":0,"comment_status":"closed","ping_status":"open","sticky":false,"template":"","format":"standard","meta":{"ngg_post_thumbnail":0,"footnotes":""},"categories":[1],"tags":[],"class_list":["post-2827","post","type-post","status-publish","format-standard","hentry","category-wiadomosci"],"_links":{"self":[{"href":"https:\/\/archiwum.jedwabno.pl\/jdbn_json_endpoint\/wp\/v2\/posts\/2827","targetHints":{"allow":["GET"]}}],"collection":[{"href":"https:\/\/archiwum.jedwabno.pl\/jdbn_json_endpoint\/wp\/v2\/posts"}],"about":[{"href":"https:\/\/archiwum.jedwabno.pl\/jdbn_json_endpoint\/wp\/v2\/types\/post"}],"author":[{"embeddable":true,"href":"https:\/\/archiwum.jedwabno.pl\/jdbn_json_endpoint\/wp\/v2\/users\/55"}],"replies":[{"embeddable":true,"href":"https:\/\/archiwum.jedwabno.pl\/jdbn_json_endpoint\/wp\/v2\/comments?post=2827"}],"version-history":[{"count":0,"href":"https:\/\/archiwum.jedwabno.pl\/jdbn_json_endpoint\/wp\/v2\/posts\/2827\/revisions"}],"wp:attachment":[{"href":"https:\/\/archiwum.jedwabno.pl\/jdbn_json_endpoint\/wp\/v2\/media?parent=2827"}],"wp:term":[{"taxonomy":"category","embeddable":true,"href":"https:\/\/archiwum.jedwabno.pl\/jdbn_json_endpoint\/wp\/v2\/categories?post=2827"},{"taxonomy":"post_tag","embeddable":true,"href":"https:\/\/archiwum.jedwabno.pl\/jdbn_json_endpoint\/wp\/v2\/tags?post=2827"}],"curies":[{"name":"wp","href":"https:\/\/api.w.org\/{rel}","templated":true}]}}