{"id":2803,"date":"2012-04-10T12:20:35","date_gmt":"2012-04-10T12:20:35","guid":{"rendered":"https:\/\/www.jedwabno.pl\/?p=2803"},"modified":"2012-04-10T12:22:29","modified_gmt":"2012-04-10T12:22:29","slug":"ku-czci-i-pamieci-zmarlych-katyn-1940-smolensk-2010","status":"publish","type":"post","link":"https:\/\/archiwum.jedwabno.pl\/2803\/ku-czci-i-pamieci-zmarlych-katyn-1940-smolensk-2010","title":{"rendered":"Ku czci i pami\u0119ci zmar\u0142ych KATY\u0143 1940 &#8211; SMOLE\u0143SK 2010"},"content":{"rendered":"<p>Dnia 10 kwietnia 2012 roku w Ko\u015bciele parafialnym p.w. \u015bw. J\u00f3zefa w Jedwabnie odby\u0142a si\u0119 Msza \u015awi\u0119ta\u00a0 za ofiary zbrodni katy\u0144skiej oraz ofiary katastrofy samolotu prezydenckiego pod Smole\u0144skiem. \u00a0Msz\u0119 \u015awi\u0119t\u0105 odprawi\u0142 ksi\u0105dz Pra\u0142at Stanis\u0142aw Borowiecki. Ku czci i pami\u0119ci ofiar W\u00f3jt Gminy Jedwabno Krzysztof Otulakowski wraz z Przewodnicz\u0105c\u0105 Rady Gminy\u00a0 Mari\u0105 Sienkiewicz\u00a0 oraz Przewodnicz\u0105cym Komsji Rewizyjnej Szczepanem Worobiejem pod pomnikiem upami\u0119tniaj\u0105cym zmar\u0142ych KATY\u0143 1940 ? SMOLE\u0143SK 2010 z\u0142o\u017cyli kwiaty i zapalili symboliczny znicz.<\/p>\n<p>&nbsp;<\/p>\nngg_shortcode_0_placeholder\n","protected":false},"excerpt":{"rendered":"<p>Dnia 10 kwietnia 2012 roku w Ko\u015bciele parafialnym p.w. \u015bw.  [&#8230;]<\/p>\n","protected":false},"author":55,"featured_media":2807,"comment_status":"closed","ping_status":"open","sticky":false,"template":"","format":"standard","meta":{"ngg_post_thumbnail":0,"footnotes":""},"categories":[1],"tags":[],"class_list":["post-2803","post","type-post","status-publish","format-standard","has-post-thumbnail","hentry","category-wiadomosci"],"_links":{"self":[{"href":"https:\/\/archiwum.jedwabno.pl\/jdbn_json_endpoint\/wp\/v2\/posts\/2803","targetHints":{"allow":["GET"]}}],"collection":[{"href":"https:\/\/archiwum.jedwabno.pl\/jdbn_json_endpoint\/wp\/v2\/posts"}],"about":[{"href":"https:\/\/archiwum.jedwabno.pl\/jdbn_json_endpoint\/wp\/v2\/types\/post"}],"author":[{"embeddable":true,"href":"https:\/\/archiwum.jedwabno.pl\/jdbn_json_endpoint\/wp\/v2\/users\/55"}],"replies":[{"embeddable":true,"href":"https:\/\/archiwum.jedwabno.pl\/jdbn_json_endpoint\/wp\/v2\/comments?post=2803"}],"version-history":[{"count":0,"href":"https:\/\/archiwum.jedwabno.pl\/jdbn_json_endpoint\/wp\/v2\/posts\/2803\/revisions"}],"wp:featuredmedia":[{"embeddable":true,"href":"https:\/\/archiwum.jedwabno.pl\/jdbn_json_endpoint\/wp\/v2\/media\/2807"}],"wp:attachment":[{"href":"https:\/\/archiwum.jedwabno.pl\/jdbn_json_endpoint\/wp\/v2\/media?parent=2803"}],"wp:term":[{"taxonomy":"category","embeddable":true,"href":"https:\/\/archiwum.jedwabno.pl\/jdbn_json_endpoint\/wp\/v2\/categories?post=2803"},{"taxonomy":"post_tag","embeddable":true,"href":"https:\/\/archiwum.jedwabno.pl\/jdbn_json_endpoint\/wp\/v2\/tags?post=2803"}],"curies":[{"name":"wp","href":"https:\/\/api.w.org\/{rel}","templated":true}]}}