{"id":2792,"date":"2012-04-10T06:06:03","date_gmt":"2012-04-10T06:06:03","guid":{"rendered":"https:\/\/www.jedwabno.pl\/?p=2792"},"modified":"2012-04-10T06:06:47","modified_gmt":"2012-04-10T06:06:47","slug":"komunikat-szanowni-uzytkownicy-mieszkan-komunalnych","status":"publish","type":"post","link":"https:\/\/archiwum.jedwabno.pl\/2792\/komunikat-szanowni-uzytkownicy-mieszkan-komunalnych","title":{"rendered":"KOMUNIKAT: Szanowni u\u017cytkownicy mieszka\u0144 komunalnych."},"content":{"rendered":"<p><em><strong>Szanowni Pa\u0144stwo,<br \/>\nu\u017cytkownicy mieszka\u0144 komunalnych.<\/strong><\/em><\/p>\n<p>Pragniemy poinformowa\u0107,\u00a0 \u017ce Urz\u0105d Gminy Jedwabno nie koordynuje dzia\u0142a\u0144 zwi\u0105zanych z wymian\u0105 drzwi w mieszkaniach komunalnych. Ponadto informujemy, i\u017c zgodnie z art 6d ustawy o ochronie praw lokator\u00f3w, mieszkaniowym zasobie gminy i o zmianie Kodeksu cywilnego z dnia 21 czerwca 2001 r. (Dz. U. 2005.31.266) najemca mo\u017ce wprowadza\u0107 w lokalu ulepszenia tylko za zgod\u0105 wynajmuj\u0105cego.<\/p>\n","protected":false},"excerpt":{"rendered":"<p>Szanowni Pa\u0144stwo, u\u017cytkownicy mieszka\u0144 komunalnych. Pragniemy poinformowa\u0107,\u00a0 \u017ce Urz\u0105d Gminy  [&#8230;]<\/p>\n","protected":false},"author":55,"featured_media":2794,"comment_status":"closed","ping_status":"open","sticky":false,"template":"","format":"standard","meta":{"ngg_post_thumbnail":0,"footnotes":""},"categories":[1],"tags":[],"class_list":["post-2792","post","type-post","status-publish","format-standard","has-post-thumbnail","hentry","category-wiadomosci"],"_links":{"self":[{"href":"https:\/\/archiwum.jedwabno.pl\/jdbn_json_endpoint\/wp\/v2\/posts\/2792","targetHints":{"allow":["GET"]}}],"collection":[{"href":"https:\/\/archiwum.jedwabno.pl\/jdbn_json_endpoint\/wp\/v2\/posts"}],"about":[{"href":"https:\/\/archiwum.jedwabno.pl\/jdbn_json_endpoint\/wp\/v2\/types\/post"}],"author":[{"embeddable":true,"href":"https:\/\/archiwum.jedwabno.pl\/jdbn_json_endpoint\/wp\/v2\/users\/55"}],"replies":[{"embeddable":true,"href":"https:\/\/archiwum.jedwabno.pl\/jdbn_json_endpoint\/wp\/v2\/comments?post=2792"}],"version-history":[{"count":0,"href":"https:\/\/archiwum.jedwabno.pl\/jdbn_json_endpoint\/wp\/v2\/posts\/2792\/revisions"}],"wp:featuredmedia":[{"embeddable":true,"href":"https:\/\/archiwum.jedwabno.pl\/jdbn_json_endpoint\/wp\/v2\/media\/2794"}],"wp:attachment":[{"href":"https:\/\/archiwum.jedwabno.pl\/jdbn_json_endpoint\/wp\/v2\/media?parent=2792"}],"wp:term":[{"taxonomy":"category","embeddable":true,"href":"https:\/\/archiwum.jedwabno.pl\/jdbn_json_endpoint\/wp\/v2\/categories?post=2792"},{"taxonomy":"post_tag","embeddable":true,"href":"https:\/\/archiwum.jedwabno.pl\/jdbn_json_endpoint\/wp\/v2\/tags?post=2792"}],"curies":[{"name":"wp","href":"https:\/\/api.w.org\/{rel}","templated":true}]}}