{"id":2742,"date":"2012-04-03T12:16:57","date_gmt":"2012-04-03T12:16:57","guid":{"rendered":"https:\/\/www.jedwabno.pl\/?p=2742"},"modified":"2012-04-03T12:16:57","modified_gmt":"2012-04-03T12:16:57","slug":"przedszkole-samorzadowe-wystep-kola-teatralnego-entliczek-pentliczek-23-03-2012-rok","status":"publish","type":"post","link":"https:\/\/archiwum.jedwabno.pl\/2742\/przedszkole-samorzadowe-wystep-kola-teatralnego-entliczek-pentliczek-23-03-2012-rok","title":{"rendered":"Przedszkole Samorz\u0105dowe &#8211; wyst\u0119p ko\u0142a teatralnego &#8222;Entliczek &#8211; pentliczek&#8221;, 23.03.2012 rok"},"content":{"rendered":"<p>W ramach wsp\u00f3\u0142pracy Przedszkola Samorz\u0105dowego w Jedwabnie\u00a0 z ko\u0142em teatralnym &#8222;Entliczek &#8211; Penliczek&#8221;, kt\u00f3re prowadzi\u00a0 Katarzyna \u017bebrowska, 23\u00a0 marca w budynku przedszkola odby\u0142o si\u0119 wspania\u0142e przedstawienie teatralne. Mali aktorzy z Nowego Dworu \u00a0przygotowali dla przedszkolak\u00f3w przedstawienie pt: &#8222;Dziwne bajeczki w pokoju Juleczki&#8221;. Dodatkow\u0105 atrakcj\u0105 tego dnia\u00a0 by\u0142 wyst\u0119p uzdolnionych muzycznie dziewczynek, kt\u00f3re zaprezentowa\u0142y swoje umiej\u0119tno\u015bci graj\u0105c na akordeonie. Zaprezentowane przez dzieci z ko\u0142a teatralnego przedstawienie bardzo si\u0119 spodoba\u0142o przedszkolakom, kt\u00f3rzy byli pod du\u017cym wra\u017ceniem umiej\u0119tno\u015bci aktorskich swoich nowych koleg\u00f3w.<\/p>\n<p>&nbsp;<\/p>\nngg_shortcode_0_placeholder\n","protected":false},"excerpt":{"rendered":"<p>W ramach wsp\u00f3\u0142pracy Przedszkola Samorz\u0105dowego w Jedwabnie\u00a0 z ko\u0142em teatralnym  [&#8230;]<\/p>\n","protected":false},"author":55,"featured_media":2747,"comment_status":"closed","ping_status":"open","sticky":false,"template":"","format":"standard","meta":{"ngg_post_thumbnail":0,"footnotes":""},"categories":[1],"tags":[],"class_list":["post-2742","post","type-post","status-publish","format-standard","has-post-thumbnail","hentry","category-wiadomosci"],"_links":{"self":[{"href":"https:\/\/archiwum.jedwabno.pl\/jdbn_json_endpoint\/wp\/v2\/posts\/2742","targetHints":{"allow":["GET"]}}],"collection":[{"href":"https:\/\/archiwum.jedwabno.pl\/jdbn_json_endpoint\/wp\/v2\/posts"}],"about":[{"href":"https:\/\/archiwum.jedwabno.pl\/jdbn_json_endpoint\/wp\/v2\/types\/post"}],"author":[{"embeddable":true,"href":"https:\/\/archiwum.jedwabno.pl\/jdbn_json_endpoint\/wp\/v2\/users\/55"}],"replies":[{"embeddable":true,"href":"https:\/\/archiwum.jedwabno.pl\/jdbn_json_endpoint\/wp\/v2\/comments?post=2742"}],"version-history":[{"count":0,"href":"https:\/\/archiwum.jedwabno.pl\/jdbn_json_endpoint\/wp\/v2\/posts\/2742\/revisions"}],"wp:featuredmedia":[{"embeddable":true,"href":"https:\/\/archiwum.jedwabno.pl\/jdbn_json_endpoint\/wp\/v2\/media\/2747"}],"wp:attachment":[{"href":"https:\/\/archiwum.jedwabno.pl\/jdbn_json_endpoint\/wp\/v2\/media?parent=2742"}],"wp:term":[{"taxonomy":"category","embeddable":true,"href":"https:\/\/archiwum.jedwabno.pl\/jdbn_json_endpoint\/wp\/v2\/categories?post=2742"},{"taxonomy":"post_tag","embeddable":true,"href":"https:\/\/archiwum.jedwabno.pl\/jdbn_json_endpoint\/wp\/v2\/tags?post=2742"}],"curies":[{"name":"wp","href":"https:\/\/api.w.org\/{rel}","templated":true}]}}