{"id":2713,"date":"2012-03-27T12:00:36","date_gmt":"2012-03-27T12:00:36","guid":{"rendered":"https:\/\/www.jedwabno.pl\/?p=2713"},"modified":"2012-03-29T13:30:12","modified_gmt":"2012-03-29T13:30:12","slug":"zegnaj-zimo-witaj-wiosno","status":"publish","type":"post","link":"https:\/\/archiwum.jedwabno.pl\/2713\/zegnaj-zimo-witaj-wiosno","title":{"rendered":"\u017begnaj Zimo! Witaj Wiosno!"},"content":{"rendered":"<p>Dnia 21.03.2012 roku przedszkolaki oraz dzieci uczestnicz\u0105ce w warsztatach w GOKu po\u017cegna\u0142y zim\u0119 robi\u0105c Marzann\u0119. W tym dniu dzieci z wszystkich grup przedszkolnych spacerowa\u0142y po instytucjach w Jedwabnie i wr\u0119cza\u0142y ich pracownikom wiosenne laurki. Dzieci podczas warsztat\u00f3w w GOKu r\u00f3wnie\u017c \u00a0\u017cegna\u0142y zim\u0119 oraz bardzo ciep\u0142o zaprasza\u0142y upragnion\u0105 wiosn\u0119. Nast\u0119pnie w okolicach stawu w centrum Jedwabna odby\u0142o si\u0119 ognisko, przy kt\u00f3rym dzieci mog\u0142y posili\u0107 si\u0119 ciep\u0142\u0105 kie\u0142bask\u0105. Czas umila\u0142y wiosenne piosenki oraz ta\u0144ce i zabawy.<\/p>\n<p>&nbsp;<\/p>\nngg_shortcode_0_placeholder\n","protected":false},"excerpt":{"rendered":"<p>Dnia 21.03.2012 roku przedszkolaki oraz dzieci uczestnicz\u0105ce w warsztatach w  [&#8230;]<\/p>\n","protected":false},"author":55,"featured_media":2726,"comment_status":"closed","ping_status":"open","sticky":false,"template":"","format":"standard","meta":{"ngg_post_thumbnail":0,"footnotes":""},"categories":[1],"tags":[],"class_list":["post-2713","post","type-post","status-publish","format-standard","has-post-thumbnail","hentry","category-wiadomosci"],"_links":{"self":[{"href":"https:\/\/archiwum.jedwabno.pl\/jdbn_json_endpoint\/wp\/v2\/posts\/2713","targetHints":{"allow":["GET"]}}],"collection":[{"href":"https:\/\/archiwum.jedwabno.pl\/jdbn_json_endpoint\/wp\/v2\/posts"}],"about":[{"href":"https:\/\/archiwum.jedwabno.pl\/jdbn_json_endpoint\/wp\/v2\/types\/post"}],"author":[{"embeddable":true,"href":"https:\/\/archiwum.jedwabno.pl\/jdbn_json_endpoint\/wp\/v2\/users\/55"}],"replies":[{"embeddable":true,"href":"https:\/\/archiwum.jedwabno.pl\/jdbn_json_endpoint\/wp\/v2\/comments?post=2713"}],"version-history":[{"count":0,"href":"https:\/\/archiwum.jedwabno.pl\/jdbn_json_endpoint\/wp\/v2\/posts\/2713\/revisions"}],"wp:featuredmedia":[{"embeddable":true,"href":"https:\/\/archiwum.jedwabno.pl\/jdbn_json_endpoint\/wp\/v2\/media\/2726"}],"wp:attachment":[{"href":"https:\/\/archiwum.jedwabno.pl\/jdbn_json_endpoint\/wp\/v2\/media?parent=2713"}],"wp:term":[{"taxonomy":"category","embeddable":true,"href":"https:\/\/archiwum.jedwabno.pl\/jdbn_json_endpoint\/wp\/v2\/categories?post=2713"},{"taxonomy":"post_tag","embeddable":true,"href":"https:\/\/archiwum.jedwabno.pl\/jdbn_json_endpoint\/wp\/v2\/tags?post=2713"}],"curies":[{"name":"wp","href":"https:\/\/api.w.org\/{rel}","templated":true}]}}