{"id":2690,"date":"2012-03-20T14:20:21","date_gmt":"2012-03-20T14:20:21","guid":{"rendered":"https:\/\/www.jedwabno.pl\/?p=2690"},"modified":"2012-03-20T14:20:21","modified_gmt":"2012-03-20T14:20:21","slug":"przedszkole-laureaci-konkursu-zapobiegajmy-pozarom-16-03-2012","status":"publish","type":"post","link":"https:\/\/archiwum.jedwabno.pl\/2690\/przedszkole-laureaci-konkursu-zapobiegajmy-pozarom-16-03-2012","title":{"rendered":"Przedszkole: Laureaci konkursu &#8222;Zapobiegajmy po\u017carom&#8221;, 16.03.2012"},"content":{"rendered":"<p>Dnia 16.03.2012 roku w Przedszkolu Samorz\u0105dowym w Jedwabnie nagrodzeni zostali zwyci\u0119zcy konkursu stra\u017cackiego o nazwie &#8222;Zapobiegajmy po\u017carom&#8221;. Nagrody oraz dyplomy laureatom w imieniu swoim oraz Pana Jaros\u0142awa Mat\u0142acha Starosty Szczycie\u0144skiego wr\u0119czy\u0142 \u00a0Krzysztof Otulakowski W\u00f3jt Gminy Jedwabno.<\/p>\n<p>Nagrodzeni zostali \u0141ukasz G\u00f3ralski (grupa Jag\u00f3dki) oraz Oliwia Jab\u0142o\u0144ska ( grupa Jab\u0142uszka).<\/p>\n<p>Na szczeblu powiatowym I miejsce zaj\u0105\u0142 \u00a0\u0141ukasz\u00a0 G\u00f3ralski, natomiast \u00a0II miejsce zaj\u0119\u0142a Oliwia Jab\u0142o\u0144ska.<br \/>\nNa szczeblu wojew\u00f3dzkim I miejsce zaj\u0119\u0142a Oliwia Jab\u0142o\u0144ska.<\/p>\n<p>&nbsp;<\/p>\nngg_shortcode_0_placeholder\n","protected":false},"excerpt":{"rendered":"<p>Dnia 16.03.2012 roku w Przedszkolu Samorz\u0105dowym w Jedwabnie nagrodzeni zostali  [&#8230;]<\/p>\n","protected":false},"author":55,"featured_media":2696,"comment_status":"closed","ping_status":"open","sticky":false,"template":"","format":"standard","meta":{"ngg_post_thumbnail":0,"footnotes":""},"categories":[1],"tags":[],"class_list":["post-2690","post","type-post","status-publish","format-standard","has-post-thumbnail","hentry","category-wiadomosci"],"_links":{"self":[{"href":"https:\/\/archiwum.jedwabno.pl\/jdbn_json_endpoint\/wp\/v2\/posts\/2690","targetHints":{"allow":["GET"]}}],"collection":[{"href":"https:\/\/archiwum.jedwabno.pl\/jdbn_json_endpoint\/wp\/v2\/posts"}],"about":[{"href":"https:\/\/archiwum.jedwabno.pl\/jdbn_json_endpoint\/wp\/v2\/types\/post"}],"author":[{"embeddable":true,"href":"https:\/\/archiwum.jedwabno.pl\/jdbn_json_endpoint\/wp\/v2\/users\/55"}],"replies":[{"embeddable":true,"href":"https:\/\/archiwum.jedwabno.pl\/jdbn_json_endpoint\/wp\/v2\/comments?post=2690"}],"version-history":[{"count":0,"href":"https:\/\/archiwum.jedwabno.pl\/jdbn_json_endpoint\/wp\/v2\/posts\/2690\/revisions"}],"wp:featuredmedia":[{"embeddable":true,"href":"https:\/\/archiwum.jedwabno.pl\/jdbn_json_endpoint\/wp\/v2\/media\/2696"}],"wp:attachment":[{"href":"https:\/\/archiwum.jedwabno.pl\/jdbn_json_endpoint\/wp\/v2\/media?parent=2690"}],"wp:term":[{"taxonomy":"category","embeddable":true,"href":"https:\/\/archiwum.jedwabno.pl\/jdbn_json_endpoint\/wp\/v2\/categories?post=2690"},{"taxonomy":"post_tag","embeddable":true,"href":"https:\/\/archiwum.jedwabno.pl\/jdbn_json_endpoint\/wp\/v2\/tags?post=2690"}],"curies":[{"name":"wp","href":"https:\/\/api.w.org\/{rel}","templated":true}]}}