{"id":2632,"date":"2012-03-09T10:31:13","date_gmt":"2012-03-09T10:31:13","guid":{"rendered":"https:\/\/www.jedwabno.pl\/?p=2632"},"modified":"2012-03-09T10:31:13","modified_gmt":"2012-03-09T10:31:13","slug":"dzien-kobiet-w-nartach-08-03-2012-rok","status":"publish","type":"post","link":"https:\/\/archiwum.jedwabno.pl\/2632\/dzien-kobiet-w-nartach-08-03-2012-rok","title":{"rendered":"Dzie\u0144 Kobiet w Nartach, 08.03.2012 rok"},"content":{"rendered":"<p>Na ten dzie\u0144 kobiety z Nart czeka\u0142y ca\u0142y rok. Dnia 8.03.2012 roku w \u015bwietlicy wiejskiej ?Promyczek? w Nartach odby\u0142o si\u0119 spotkanie z okazji Dnia Kobiet pn. ?Vivat najpi\u0119kniejsza?. Do \u015bwietlicy Panie przyby\u0142y ze swoimi wypiekami i sa\u0142atkami. So\u0142tys wsi wraz z radnym Jaros\u0142awem Fr\u0105ckowiakiem wr\u0119czyli przyby\u0142ym paniom po kwiatku oraz dyplom najpi\u0119kniejszej mieszkanki Nart. \u00a0Po cz\u0119\u015bci oficjalnej nadszed\u0142 czas na zabaw\u0119, kt\u00f3r\u0105 rozpocz\u0105\u0142 pokaz mody w wykonaniu miejscowych kobiet. Nast\u0119pnie Panie do p\u00f3\u017anej godziny bawi\u0142y si\u0119 wsp\u00f3lnie ta\u0144cz\u0105c i bior\u0105c udzia\u0142 w r\u00f3\u017cnych konkursach.<\/p>\n<p>&nbsp;<\/p>\nngg_shortcode_0_placeholder\n","protected":false},"excerpt":{"rendered":"<p>Na ten dzie\u0144 kobiety z Nart czeka\u0142y ca\u0142y rok. Dnia  [&#8230;]<\/p>\n","protected":false},"author":55,"featured_media":2634,"comment_status":"closed","ping_status":"open","sticky":false,"template":"","format":"standard","meta":{"ngg_post_thumbnail":0,"footnotes":""},"categories":[1],"tags":[],"class_list":["post-2632","post","type-post","status-publish","format-standard","has-post-thumbnail","hentry","category-wiadomosci"],"_links":{"self":[{"href":"https:\/\/archiwum.jedwabno.pl\/jdbn_json_endpoint\/wp\/v2\/posts\/2632","targetHints":{"allow":["GET"]}}],"collection":[{"href":"https:\/\/archiwum.jedwabno.pl\/jdbn_json_endpoint\/wp\/v2\/posts"}],"about":[{"href":"https:\/\/archiwum.jedwabno.pl\/jdbn_json_endpoint\/wp\/v2\/types\/post"}],"author":[{"embeddable":true,"href":"https:\/\/archiwum.jedwabno.pl\/jdbn_json_endpoint\/wp\/v2\/users\/55"}],"replies":[{"embeddable":true,"href":"https:\/\/archiwum.jedwabno.pl\/jdbn_json_endpoint\/wp\/v2\/comments?post=2632"}],"version-history":[{"count":0,"href":"https:\/\/archiwum.jedwabno.pl\/jdbn_json_endpoint\/wp\/v2\/posts\/2632\/revisions"}],"wp:featuredmedia":[{"embeddable":true,"href":"https:\/\/archiwum.jedwabno.pl\/jdbn_json_endpoint\/wp\/v2\/media\/2634"}],"wp:attachment":[{"href":"https:\/\/archiwum.jedwabno.pl\/jdbn_json_endpoint\/wp\/v2\/media?parent=2632"}],"wp:term":[{"taxonomy":"category","embeddable":true,"href":"https:\/\/archiwum.jedwabno.pl\/jdbn_json_endpoint\/wp\/v2\/categories?post=2632"},{"taxonomy":"post_tag","embeddable":true,"href":"https:\/\/archiwum.jedwabno.pl\/jdbn_json_endpoint\/wp\/v2\/tags?post=2632"}],"curies":[{"name":"wp","href":"https:\/\/api.w.org\/{rel}","templated":true}]}}