{"id":250,"date":"2011-06-28T12:43:05","date_gmt":"2011-06-28T12:43:05","guid":{"rendered":"http:\/\/web.jedwabno.pl\/?p=250"},"modified":"2011-06-29T13:15:06","modified_gmt":"2011-06-29T13:15:06","slug":"dzien-dziecka-pidun-28-05-2011","status":"publish","type":"post","link":"https:\/\/archiwum.jedwabno.pl\/250\/dzien-dziecka-pidun-28-05-2011","title":{"rendered":"Dzie\u0144 Dziecka, Pidu\u0144 28.05.2011"},"content":{"rendered":"<p style=\"text-align: center;\"><strong>Dzie\u0144 Dziecka w Piduniu<\/strong><br \/>\n<strong> 28.05.2011 r.<\/strong><\/p>\n<p style=\"text-align: left;\"><strong><\/strong><br \/>\nCzego pragn\u0105 dzieci? Wbrew pozorom nie oczekuj\u0105 drogich prezent\u00f3w, ale wa\u017cna jest dla nich mi\u0142o\u015b\u0107, po\u015bwiecenie im czasu oraz atmosfera spokoju i rado\u015bci. To w\u0142a\u015bnie o te czynniki zadba\u0142a Maria Pyrzanowska ? so\u0142tys wsi Pidu\u0144 oraz pozostali organizatorzy ?Dnia Dziecka? w Piduniu. Zabawa z dzie\u0107mi rozpocz\u0119\u0142a si\u0119 o godz. 1730 od gier i konkurs\u00f3w. Dzieci podzielone na dwie grupy (?G\u0105ski? i ?Kaczki?) zmaga\u0142y si\u0119 w r\u00f3\u017cnorodnych konkursach i zabawach. Najwi\u0119cej emocji i rado\u015bci przysporzy\u0142y dzieciom takie zabawy jak: bieg w workach, cyfry, zabawa w w\u0119\u017ca itd. Pod koniec zmaga\u0144 grupowych wszystkie dzieci wylosowa\u0142y nagrody. Miedzy dzie\u0107mi panowa\u0142a doskona\u0142a atmosfera bez podzia\u0142\u00f3w i rywalizacji, mimo i\u017c grupa by\u0142a bardzo r\u00f3\u017cnorodna wiekowo od 5 do17 lat. Doro\u015bli kibicowali swoim pociechom biesiaduj\u0105c przy ognisku oraz sma\u017c\u0105c kie\u0142baski. W ko\u0144cu nadszed\u0142 czas na wsp\u00f3lna zabaw\u0119, do gry w ?Dwa ognie? stan\u0119li doro\u015bli i dzieci. Jaka\u017c to by\u0142a rado\u015b\u0107 ?du\u017cych dzieci? (doros\u0142ych), kt\u00f3rzy bawili si\u0119 lepiej ni\u017c ich w\u0142asne potomstwo. Dzie\u0144 ten obfitowa\u0142 w moc atrakcji, kolejna z nich niespodziewanie zjawi\u0142a si\u0119 podczas zabawy. Dzi\u0119ki uprzejmo\u015bci Ochotniczej Stra\u017cy Po\u017carnej z Wielbarka dzieciaki mia\u0142y mo\u017cliwo\u015b\u0107 pohasania w wozie stra\u017cackim, co sprawi\u0142o im niesamowita przyjemno\u015b\u0107. Nast\u0119pnie po kr\u00f3tkim odpoczynku przy ognisku, gdy zapad\u0142 ju\u017c\u00a0 zmrok wszyscy z niecierpliwo\u015bci\u0105 czekali na atrakcje wieczoru. Wyst\u0119p ?Teatru Ognia? dzia\u0142aj\u0105cego przy Gminnym O\u015brodku Kultury w Jedwabnie pod przewodnictwem Barbary \u017bebrowskiej by\u0142 godnym uwie\u0144czeniem tego wieczoru. Wszyscy razem rodzice, dzieci, przybyli go\u015bcie wsp\u00f3lnie z zapartym tchem podziwiali taniec ognia. Ten dzie\u0144 by\u0142 dobrym przyk\u0142adem dla rodzic\u00f3w pokazuj\u0105c im jak aktywnie i przyjemnie mo\u017cna sp\u0119dzi\u0107 czas ze swoimi pociechami.<\/p>\n<p style=\"text-align: center;\">Maria Pyrzanowska so\u0142tys wsi Pidun w imieniu w\u0142asnym i dzieci<br \/>\nserdecznie dzi\u0119kuje<br \/>\nwszystkim osobom, kt\u00f3re pomog\u0142y w organizacji tej zabawy<br \/>\noraz tym, kt\u00f3rzy w niej uczestniczyli.<\/p>\n<p style=\"text-align: center;\">&nbsp;<\/p>\n<p style=\"text-align: left;\">ngg_shortcode_0_placeholder<\/p>\n<p style=\"text-align: left;\">&nbsp;<\/p>\n<p style=\"text-align: left;\">Fot: Beata Pyrzanowska<\/p>\n<p style=\"text-align: left;\">&nbsp;<\/p>\n","protected":false},"excerpt":{"rendered":"<p>Dzie\u0144 Dziecka w Piduniu 28.05.2011 r. Czego pragn\u0105 dzieci? Wbrew  [&#8230;]<\/p>\n","protected":false},"author":55,"featured_media":435,"comment_status":"closed","ping_status":"open","sticky":false,"template":"","format":"standard","meta":{"ngg_post_thumbnail":0,"footnotes":""},"categories":[1],"tags":[],"class_list":["post-250","post","type-post","status-publish","format-standard","has-post-thumbnail","hentry","category-wiadomosci"],"_links":{"self":[{"href":"https:\/\/archiwum.jedwabno.pl\/jdbn_json_endpoint\/wp\/v2\/posts\/250","targetHints":{"allow":["GET"]}}],"collection":[{"href":"https:\/\/archiwum.jedwabno.pl\/jdbn_json_endpoint\/wp\/v2\/posts"}],"about":[{"href":"https:\/\/archiwum.jedwabno.pl\/jdbn_json_endpoint\/wp\/v2\/types\/post"}],"author":[{"embeddable":true,"href":"https:\/\/archiwum.jedwabno.pl\/jdbn_json_endpoint\/wp\/v2\/users\/55"}],"replies":[{"embeddable":true,"href":"https:\/\/archiwum.jedwabno.pl\/jdbn_json_endpoint\/wp\/v2\/comments?post=250"}],"version-history":[{"count":0,"href":"https:\/\/archiwum.jedwabno.pl\/jdbn_json_endpoint\/wp\/v2\/posts\/250\/revisions"}],"wp:featuredmedia":[{"embeddable":true,"href":"https:\/\/archiwum.jedwabno.pl\/jdbn_json_endpoint\/wp\/v2\/media\/435"}],"wp:attachment":[{"href":"https:\/\/archiwum.jedwabno.pl\/jdbn_json_endpoint\/wp\/v2\/media?parent=250"}],"wp:term":[{"taxonomy":"category","embeddable":true,"href":"https:\/\/archiwum.jedwabno.pl\/jdbn_json_endpoint\/wp\/v2\/categories?post=250"},{"taxonomy":"post_tag","embeddable":true,"href":"https:\/\/archiwum.jedwabno.pl\/jdbn_json_endpoint\/wp\/v2\/tags?post=250"}],"curies":[{"name":"wp","href":"https:\/\/api.w.org\/{rel}","templated":true}]}}