{"id":2494,"date":"2012-02-24T22:30:18","date_gmt":"2012-02-24T22:30:18","guid":{"rendered":"https:\/\/www.jedwabno.pl\/?p=2494"},"modified":"2012-02-24T22:30:18","modified_gmt":"2012-02-24T22:30:18","slug":"spotkanie-z-afryka-gok-16-17-02-2012","status":"publish","type":"post","link":"https:\/\/archiwum.jedwabno.pl\/2494\/spotkanie-z-afryka-gok-16-17-02-2012","title":{"rendered":"Spotkanie z Afryk\u0105, GOK 16-17.02.2012"},"content":{"rendered":"<p>W dniach 16-17 lutego 2012 roku w Gminnym O\u015brodku Kultury w Jedwabnie odby\u0142o si\u0119 &#8222;Spotkanie z Afryk\u0105&#8221; w formie warsztat\u00f3w plastyczno-muzycznych dla dzieci pn. ?MASKI AFRYKA\u0143SKIE?. Warsztaty mia\u0142y na celu przybli\u017cenie sztuki afryka\u0144skiej, a w szczeg\u00f3lno\u015bci masek. Umo\u017cliwi\u0142y poznanie pracy z r\u00f3\u017cnymi materia\u0142ami takimi jak: glina, tektura, kolorowe papiery, kolorowa tektura falista, rafia oraz malowanie przy u\u017cyciu p\u0119dzli i g\u0105bki. Pierwszego dnia dzieci stworzy\u0142y fantastyczne maski oraz w\u0142asnor\u0119cznie wykona\u0142y korale, k\u0142y lub amulety z gliny. Tego dnia prowadz\u0105cym towarzyszy\u0142 r\u00f3wnie\u017c dyrektor GOK, kt\u00f3ry udzieli\u0142 lekcji gry na b\u0119bnach. Nie zabrak\u0142o r\u00f3wnie\u017c pysznego p\u0105czka (T\u0142usty Czwartek). Drugiego dnia odby\u0142o si\u0119 malowanie glinianych dekoracji oraz tworzenie w\u0142asnych koralikowych sznur\u00f3w, bransoletek i ozd\u00f3b, kt\u00f3re dzieci mog\u0142y zabra\u0107 ze sob\u0105 do domu. Przez ca\u0142y czas prac\u0119 umila\u0142a afryka\u0144ska muzyka.<\/p>\n<p>W zaj\u0119ciach wzi\u0119\u0142o udzia\u0142 19 uczestnik\u00f3w. Ca\u0142o\u015b\u0107 warsztat\u00f3w przygotowa\u0142a i poprowadzi\u0142a Joanna Wi\u015bniewska przy wsp\u00f3\u0142pracy z Klaudi\u0105 Piers\u0105. Maski oraz gliniane koraliki b\u0119dzie mo\u017cna podziwia\u0107 na wystawie prac plastycznych towarzysz\u0105cej uroczysto\u015bci organizowanej z okazji Dnia Kobiet przez GOK. Wystawa b\u0119dzie podsumowaniem pracy grupy plastycznej prowadzonej przez Joann\u0119 Wi\u015bniewsk\u0105.<\/p>\n<p>&nbsp;<\/p>\nngg_shortcode_0_placeholder\n<p>Zdj\u0119cia: Joanna Wi\u015bniewska, Klaudia Piersa<\/p>\n","protected":false},"excerpt":{"rendered":"<p>W dniach 16-17 lutego 2012 roku w Gminnym O\u015brodku Kultury  [&#8230;]<\/p>\n","protected":false},"author":55,"featured_media":2497,"comment_status":"closed","ping_status":"open","sticky":false,"template":"","format":"standard","meta":{"ngg_post_thumbnail":0,"footnotes":""},"categories":[1],"tags":[],"class_list":["post-2494","post","type-post","status-publish","format-standard","has-post-thumbnail","hentry","category-wiadomosci"],"_links":{"self":[{"href":"https:\/\/archiwum.jedwabno.pl\/jdbn_json_endpoint\/wp\/v2\/posts\/2494","targetHints":{"allow":["GET"]}}],"collection":[{"href":"https:\/\/archiwum.jedwabno.pl\/jdbn_json_endpoint\/wp\/v2\/posts"}],"about":[{"href":"https:\/\/archiwum.jedwabno.pl\/jdbn_json_endpoint\/wp\/v2\/types\/post"}],"author":[{"embeddable":true,"href":"https:\/\/archiwum.jedwabno.pl\/jdbn_json_endpoint\/wp\/v2\/users\/55"}],"replies":[{"embeddable":true,"href":"https:\/\/archiwum.jedwabno.pl\/jdbn_json_endpoint\/wp\/v2\/comments?post=2494"}],"version-history":[{"count":0,"href":"https:\/\/archiwum.jedwabno.pl\/jdbn_json_endpoint\/wp\/v2\/posts\/2494\/revisions"}],"wp:featuredmedia":[{"embeddable":true,"href":"https:\/\/archiwum.jedwabno.pl\/jdbn_json_endpoint\/wp\/v2\/media\/2497"}],"wp:attachment":[{"href":"https:\/\/archiwum.jedwabno.pl\/jdbn_json_endpoint\/wp\/v2\/media?parent=2494"}],"wp:term":[{"taxonomy":"category","embeddable":true,"href":"https:\/\/archiwum.jedwabno.pl\/jdbn_json_endpoint\/wp\/v2\/categories?post=2494"},{"taxonomy":"post_tag","embeddable":true,"href":"https:\/\/archiwum.jedwabno.pl\/jdbn_json_endpoint\/wp\/v2\/tags?post=2494"}],"curies":[{"name":"wp","href":"https:\/\/api.w.org\/{rel}","templated":true}]}}