{"id":2420,"date":"2012-02-22T07:58:52","date_gmt":"2012-02-22T07:58:52","guid":{"rendered":"https:\/\/www.jedwabno.pl\/?p=2420"},"modified":"2012-02-22T07:58:52","modified_gmt":"2012-02-22T07:58:52","slug":"o-krok-od-milosci-walentynki-w-goku-14-02-2012-rok","status":"publish","type":"post","link":"https:\/\/archiwum.jedwabno.pl\/2420\/o-krok-od-milosci-walentynki-w-goku-14-02-2012-rok","title":{"rendered":"&#8222;O krok od mi\u0142o\u015bci&#8230;&#8221; &#8211; Walentynki w GOku, 14.02.2012 rok"},"content":{"rendered":"<p>Dnia 14.02.2012r. o godzinie 18:00 w Gminnym O\u015brodku Kultury w Jedwabnie odby\u0142 si\u0119 wiecz\u00f3r walentynkowy pt. &#8222;O krok od mi\u0142o\u015bci&#8230;&#8221;. Arty\u015bci bior\u0105cy udzia\u0142 w imprezie wybrali na t\u0119 okazj\u0119 szczeg\u00f3lne utwory, takie\u00a0 z kt\u00f3rymi wi\u0105za\u0142y si\u0119 mi\u0142osne historie. W spotkaniu walentynkowym wzi\u0119li udzia\u0142 gimnazjali\u015bci ze Szczytna: Jakub Kusior oraz Rafa\u0142 Rekosz uczniowie gitarzysty fingerstyle Piotra Kr\u0119pcia, kt\u00f3ry tak\u017ce da\u0142 sw\u00f3j koncert. Uczestnicy spotkania mogli pos\u0142ucha\u0107 lokalnego artysty Romana Ku\u015bmierczyka w swoim autorskim repertuarze. W piosence &#8222;Czy ten Pan i Pani&#8221; zaprezentowa\u0142 si\u0119 zesp\u00f3\u0142 &#8222;Bez nazwy&#8221; dzia\u0142aj\u0105cy przy Gminnym O\u015brodku Kultury pod kierunkiem Dyrektora Jerzego Pa\u0142asza.<\/p>\n<p>&nbsp;<\/p>\nngg_shortcode_0_placeholder\n<p>Zdj\u0119cia: Klaudia Piersa<\/p>\n","protected":false},"excerpt":{"rendered":"<p>Dnia 14.02.2012r. o godzinie 18:00 w Gminnym O\u015brodku Kultury w  [&#8230;]<\/p>\n","protected":false},"author":55,"featured_media":2422,"comment_status":"closed","ping_status":"open","sticky":false,"template":"","format":"standard","meta":{"ngg_post_thumbnail":0,"footnotes":""},"categories":[1],"tags":[],"class_list":["post-2420","post","type-post","status-publish","format-standard","has-post-thumbnail","hentry","category-wiadomosci"],"_links":{"self":[{"href":"https:\/\/archiwum.jedwabno.pl\/jdbn_json_endpoint\/wp\/v2\/posts\/2420","targetHints":{"allow":["GET"]}}],"collection":[{"href":"https:\/\/archiwum.jedwabno.pl\/jdbn_json_endpoint\/wp\/v2\/posts"}],"about":[{"href":"https:\/\/archiwum.jedwabno.pl\/jdbn_json_endpoint\/wp\/v2\/types\/post"}],"author":[{"embeddable":true,"href":"https:\/\/archiwum.jedwabno.pl\/jdbn_json_endpoint\/wp\/v2\/users\/55"}],"replies":[{"embeddable":true,"href":"https:\/\/archiwum.jedwabno.pl\/jdbn_json_endpoint\/wp\/v2\/comments?post=2420"}],"version-history":[{"count":0,"href":"https:\/\/archiwum.jedwabno.pl\/jdbn_json_endpoint\/wp\/v2\/posts\/2420\/revisions"}],"wp:featuredmedia":[{"embeddable":true,"href":"https:\/\/archiwum.jedwabno.pl\/jdbn_json_endpoint\/wp\/v2\/media\/2422"}],"wp:attachment":[{"href":"https:\/\/archiwum.jedwabno.pl\/jdbn_json_endpoint\/wp\/v2\/media?parent=2420"}],"wp:term":[{"taxonomy":"category","embeddable":true,"href":"https:\/\/archiwum.jedwabno.pl\/jdbn_json_endpoint\/wp\/v2\/categories?post=2420"},{"taxonomy":"post_tag","embeddable":true,"href":"https:\/\/archiwum.jedwabno.pl\/jdbn_json_endpoint\/wp\/v2\/tags?post=2420"}],"curies":[{"name":"wp","href":"https:\/\/api.w.org\/{rel}","templated":true}]}}