{"id":2374,"date":"2012-02-08T13:25:44","date_gmt":"2012-02-08T13:25:44","guid":{"rendered":"https:\/\/www.jedwabno.pl\/?p=2374"},"modified":"2012-02-08T13:25:44","modified_gmt":"2012-02-08T13:25:44","slug":"ferie-zimowe-w-gminnym-osrodku-kultury-w-jedwabnie-31-04-02-2012roku","status":"publish","type":"post","link":"https:\/\/archiwum.jedwabno.pl\/2374\/ferie-zimowe-w-gminnym-osrodku-kultury-w-jedwabnie-31-04-02-2012roku","title":{"rendered":"Ferie zimowe w Gminnym O\u015brodku Kultury w Jedwabnie, 31-04.02.2012roku"},"content":{"rendered":"<p style=\"text-align: left;\">\u00a0\u00a0\u00a0\u00a0 Uczestnicy ferii sw\u00f3j wolny czas sp\u0119dzali\u00a0 bior\u0105c udzia\u0142 w zaj\u0119ciach plastycznych, sportowych, grach i zabawach integracyjnych, zaj\u0119ciach tw\u00f3rczych, relaksuj\u0105cych oraz zaj\u0119ciach na \u015bwie\u017cym powietrzu. Dodatkow\u0105 atrakcj\u0105 dla dzieci i m\u0142odzie\u017cy by\u0142 wyjazd na \u0142y\u017cwy oraz bal karnawa\u0142owy.<br \/>\nFerie rozpocz\u0119\u0142a wizyta w Nadle\u015bnictwie Jedwabno, gdzie dzieci za spraw\u0105 Pana Zdzis\u0142awa Sztejny zwiedzi\u0142y Wy\u0142uszczarni\u0119 Nasion oraz ogrza\u0142y si\u0119 przy ognisku. Podczas drugiej wyprawy dzieci obejrza\u0142y wie\u017c\u0119 przeciwpo\u017carow\u0105, a korzystaj\u0105c z okazji pobytu w lesie dokarmia\u0142y zwierz\u0119ta.<br \/>\nKolejn\u0105 atrakcj\u0105 uczestnik\u00f3w ferii przygotowana przez GOK by\u0142a wycieczka do Olsztyna na \u0142y\u017cwy.\u00a0 Nast\u0119pne dni dzieci sp\u0119dzi\u0142y na wykonywaniu prac plastycznych, dzi\u0119ki temu powsta\u0142y r\u00f3\u017cnego rodzaju grzechotki, b\u0119benki itp. Na zaj\u0119ciach relaksuj\u0105cych przy ciep\u0142ej herbatce czytane by\u0142y bajki.<br \/>\nNa zako\u0144czenie ferii zorganizowany zosta\u0142 bal karnawa\u0142owy pt. &#8222;BA\u015aNIOWA KRAINA&#8221;, na kt\u00f3rym pojawi\u0142y si\u0119 ksi\u0119\u017cniczki, czarownice, rycerze oraz wiele innych ba\u015bniowych postaci. Dzieci bawi\u0142y si\u0119 w r\u00f3\u017cnego rodzaju zabawy integracyjne, jak r\u00f3wnie\u017c bra\u0142y udzia\u0142 w konkursach, w kt\u00f3rych nagrody ufundowa\u0142 MERITUM BANK Oddzia\u0142 w Szczytnie.<br \/>\nW sobot\u0119 dnia 04.02.2012 roku trwa\u0142y zmagania w turnieju tenisa sto\u0142owego, kt\u00f3ry poprowadzi\u0142 Marcin Zapadka. Zwyci\u0119zcy otrzymali dyplomy oraz puchary ufundowane przez Uczniowski Klub Sportowy &#8222;Bocian&#8221;. Klasyfikacja generalna turnieju wygl\u0105da\u0142a nast\u0119puj\u0105co:<br \/>\n<em><strong>Kategoria do lat 12<\/strong><\/em><br \/>\n1. Kowalczyk Patryk<br \/>\n2. Nowosielski Jakub<br \/>\n3. Kowalczyk Piotr<br \/>\n<em><strong>Kategoria 13-15 lat<\/strong><\/em><br \/>\n1. Kowalczyk Micha\u0142<br \/>\n2. B\u0105czek Artur<br \/>\n3. B\u0105czek \u0141ukasz<br \/>\n<em><strong>Kategoria 16-21 (Kadet)<\/strong><\/em><br \/>\n1. \u0141achacz Sylwester<br \/>\n2. Trzci\u0144ski Dariusz<br \/>\n3. Krajza Rafa\u0142<br \/>\n<em><strong>Kategoria powy\u017cej 21 lat (Open)<\/strong><\/em><br \/>\n1. Kowalczyk Stanis\u0142aw Leszek<br \/>\n2. Zapadka Marcin<br \/>\n3. \u0141achacz Sylwester<\/p>\n<p>&nbsp;<\/p>\nngg_shortcode_0_placeholder\n","protected":false},"excerpt":{"rendered":"<p>\u00a0\u00a0\u00a0\u00a0 Uczestnicy ferii sw\u00f3j wolny czas sp\u0119dzali\u00a0 bior\u0105c udzia\u0142 w  [&#8230;]<\/p>\n","protected":false},"author":55,"featured_media":2379,"comment_status":"closed","ping_status":"open","sticky":false,"template":"","format":"standard","meta":{"ngg_post_thumbnail":0,"footnotes":""},"categories":[1],"tags":[],"class_list":["post-2374","post","type-post","status-publish","format-standard","has-post-thumbnail","hentry","category-wiadomosci"],"_links":{"self":[{"href":"https:\/\/archiwum.jedwabno.pl\/jdbn_json_endpoint\/wp\/v2\/posts\/2374","targetHints":{"allow":["GET"]}}],"collection":[{"href":"https:\/\/archiwum.jedwabno.pl\/jdbn_json_endpoint\/wp\/v2\/posts"}],"about":[{"href":"https:\/\/archiwum.jedwabno.pl\/jdbn_json_endpoint\/wp\/v2\/types\/post"}],"author":[{"embeddable":true,"href":"https:\/\/archiwum.jedwabno.pl\/jdbn_json_endpoint\/wp\/v2\/users\/55"}],"replies":[{"embeddable":true,"href":"https:\/\/archiwum.jedwabno.pl\/jdbn_json_endpoint\/wp\/v2\/comments?post=2374"}],"version-history":[{"count":0,"href":"https:\/\/archiwum.jedwabno.pl\/jdbn_json_endpoint\/wp\/v2\/posts\/2374\/revisions"}],"wp:featuredmedia":[{"embeddable":true,"href":"https:\/\/archiwum.jedwabno.pl\/jdbn_json_endpoint\/wp\/v2\/media\/2379"}],"wp:attachment":[{"href":"https:\/\/archiwum.jedwabno.pl\/jdbn_json_endpoint\/wp\/v2\/media?parent=2374"}],"wp:term":[{"taxonomy":"category","embeddable":true,"href":"https:\/\/archiwum.jedwabno.pl\/jdbn_json_endpoint\/wp\/v2\/categories?post=2374"},{"taxonomy":"post_tag","embeddable":true,"href":"https:\/\/archiwum.jedwabno.pl\/jdbn_json_endpoint\/wp\/v2\/tags?post=2374"}],"curies":[{"name":"wp","href":"https:\/\/api.w.org\/{rel}","templated":true}]}}