{"id":2368,"date":"2012-02-08T13:26:33","date_gmt":"2012-02-08T13:26:33","guid":{"rendered":"https:\/\/www.jedwabno.pl\/?p=2368"},"modified":"2012-02-08T13:26:33","modified_gmt":"2012-02-08T13:26:33","slug":"bal-karnawalowy-w-nowym-dworze-04-02-2012-rok-2","status":"publish","type":"post","link":"https:\/\/archiwum.jedwabno.pl\/2368\/bal-karnawalowy-w-nowym-dworze-04-02-2012-rok-2","title":{"rendered":"Bal karnawa\u0142owy w Nowym Dworze, 04.02.2012 rok"},"content":{"rendered":"<p>W dniu 04.02.2012 roku w \u015bwietlicy wiejskiej w Nowym Dworze odby\u0142 si\u0119 bal przebiera\u0144c\u00f3w dla dzieci. Uczestnicy balu w strojach karnawa\u0142owych, bawili si\u0119 podczas przeprowadzanych konkurs\u00f3w. Zabawy ruchowe poprowadzi\u0142y Dominika Wyszy\u0144ska oraz Barbara \u017bebrowska (pracownice GOK). Natomiast o mi\u0142\u0105 atmosfer\u0119 podczas zabaw zadba\u0142y Danuta Trzci\u0144ska so\u0142tys wsi oraz El\u017cbieta Brz\u00f3ska Wiceprzewodnicz\u0105ca Rady Gminy Jedwabno.<\/p>\nngg_shortcode_0_placeholder\n","protected":false},"excerpt":{"rendered":"<p>W dniu 04.02.2012 roku w \u015bwietlicy wiejskiej w Nowym Dworze  [&#8230;]<\/p>\n","protected":false},"author":55,"featured_media":2381,"comment_status":"closed","ping_status":"open","sticky":false,"template":"","format":"standard","meta":{"ngg_post_thumbnail":0,"footnotes":""},"categories":[1],"tags":[],"class_list":["post-2368","post","type-post","status-publish","format-standard","has-post-thumbnail","hentry","category-wiadomosci"],"_links":{"self":[{"href":"https:\/\/archiwum.jedwabno.pl\/jdbn_json_endpoint\/wp\/v2\/posts\/2368","targetHints":{"allow":["GET"]}}],"collection":[{"href":"https:\/\/archiwum.jedwabno.pl\/jdbn_json_endpoint\/wp\/v2\/posts"}],"about":[{"href":"https:\/\/archiwum.jedwabno.pl\/jdbn_json_endpoint\/wp\/v2\/types\/post"}],"author":[{"embeddable":true,"href":"https:\/\/archiwum.jedwabno.pl\/jdbn_json_endpoint\/wp\/v2\/users\/55"}],"replies":[{"embeddable":true,"href":"https:\/\/archiwum.jedwabno.pl\/jdbn_json_endpoint\/wp\/v2\/comments?post=2368"}],"version-history":[{"count":0,"href":"https:\/\/archiwum.jedwabno.pl\/jdbn_json_endpoint\/wp\/v2\/posts\/2368\/revisions"}],"wp:featuredmedia":[{"embeddable":true,"href":"https:\/\/archiwum.jedwabno.pl\/jdbn_json_endpoint\/wp\/v2\/media\/2381"}],"wp:attachment":[{"href":"https:\/\/archiwum.jedwabno.pl\/jdbn_json_endpoint\/wp\/v2\/media?parent=2368"}],"wp:term":[{"taxonomy":"category","embeddable":true,"href":"https:\/\/archiwum.jedwabno.pl\/jdbn_json_endpoint\/wp\/v2\/categories?post=2368"},{"taxonomy":"post_tag","embeddable":true,"href":"https:\/\/archiwum.jedwabno.pl\/jdbn_json_endpoint\/wp\/v2\/tags?post=2368"}],"curies":[{"name":"wp","href":"https:\/\/api.w.org\/{rel}","templated":true}]}}