{"id":2332,"date":"2012-02-01T07:32:09","date_gmt":"2012-02-01T07:32:09","guid":{"rendered":"https:\/\/www.jedwabno.pl\/?p=2332"},"modified":"2012-02-01T07:32:09","modified_gmt":"2012-02-01T07:32:09","slug":"turniej-tenisa-stolowego-o-puchar-wojta-gminy-jedwabno-witowo-27-01-2012-rok","status":"publish","type":"post","link":"https:\/\/archiwum.jedwabno.pl\/2332\/turniej-tenisa-stolowego-o-puchar-wojta-gminy-jedwabno-witowo-27-01-2012-rok","title":{"rendered":"Turniej Tenisa Sto\u0142owego o Puchar W\u00f3jta Gminy Jedwabno, Witowo 27.01.2012 rok"},"content":{"rendered":"<p>W \u015bwietlicy wiejskiej w Witowie dnia 27 stycznia 2012 roku odby\u0142 si\u0119 Turniej Tenisa Sto\u0142owego o Puchar W\u00f3jta Gminy Jedwabno. Turniej rozegrany zosta\u0142 w III kategoriach wiekowych:<\/p>\n<p>I kategoria do 16 lat ? zwyci\u0119zc\u0105 zosta\u0142 Rafa\u0142 Krajza z Szuci<\/p>\n<p>II kategoria do 21 lat ? zwyci\u0119zc\u0105 zosta\u0142 Dariusz Trzci\u0144ski z Jedwabna<\/p>\n<p>III kategoria powy\u017cej 21 lat ? zwyci\u0119zc\u0105 zosta\u0142 Pan Roman Wi\u015bniewski z Witowa.<\/p>\n<p>Do rozgrywek do\u0142\u0105czy\u0142 tak\u017ce Krzysztof Otulakowski W\u00f3jt Gminy Jedwabno. \u00a0Wszystkich zawodnik\u00f3w gor\u0105co dopingowa\u0142y ma\u0142e cheerleaderki z Witowa. Organizatorami niniejszego spotkania by\u0142o so\u0142ectwo Witowo oraz Stowarzyszenie Przyjaci\u00f3\u0142 Witowa.<\/p>\n<p>&nbsp;<\/p>\n<p align=\"center\">Serdecznie dzi\u0119kujemy za pomoc w organizacji turnieju oraz ufundowaniu puchar\u00f3w:<\/p>\n<p align=\"center\">Krzysztofowi Otulakowskiemu W\u00f3jtowi Gminy Jedwabno<\/p>\n<p align=\"center\">Marii Sienkiewicz Przewodnicz\u0105cej Rady Gminy Jedwabno<\/p>\n<p align=\"center\">Marii Pyrzanowskiej Agentowi ubezpieczeniowemu PZU<\/p>\n<p align=\"center\">Marcinowi Zapadka<\/p>\n<p align=\"center\">Izabeli W\u0142odkowskiej<\/p>\n<p style=\"text-align: center;\">\u00a0\u00a0\u00a0\u00a0\u00a0\u00a0\u00a0\u00a0\u00a0\u00a0\u00a0\u00a0\u00a0\u00a0\u00a0\u00a0\u00a0\u00a0\u00a0\u00a0\u00a0\u00a0\u00a0\u00a0\u00a0\u00a0\u00a0\u00a0\u00a0\u00a0\u00a0\u00a0\u00a0\u00a0\u00a0\u00a0\u00a0\u00a0\u00a0\u00a0\u00a0\u00a0\u00a0\u00a0\u00a0\u00a0\u00a0\u00a0\u00a0\u00a0\u00a0\u00a0\u00a0\u00a0\u00a0\u00a0\u00a0\u00a0\u00a0\u00a0\u00a0\u00a0\u00a0\u00a0\u00a0\u00a0\u00a0\u00a0\u00a0\u00a0\u00a0\u00a0\u00a0\u00a0\u00a0\u00a0\u00a0\u00a0\u00a0\u00a0\u00a0\u00a0\u00a0\u00a0\u00a0\u00a0\u00a0\u00a0\u00a0\u00a0\u00a0\u00a0\u00a0\u00a0\u00a0\u00a0\u00a0\u00a0\u00a0\u00a0\u00a0\u00a0\u00a0\u00a0\u00a0\u00a0\u00a0\u00a0\u00a0\u00a0\u00a0\u00a0\u00a0\u00a0\u00a0\u00a0\u00a0\u00a0\u00a0\u00a0\u00a0\u00a0\u00a0\u00a0 <em>Organizatorzy<\/em><\/p>\n<p>&nbsp;<\/p>\n<p>&nbsp;<\/p>\nngg_shortcode_0_placeholder\n","protected":false},"excerpt":{"rendered":"<p>W \u015bwietlicy wiejskiej w Witowie dnia 27 stycznia 2012 roku  [&#8230;]<\/p>\n","protected":false},"author":55,"featured_media":2334,"comment_status":"closed","ping_status":"open","sticky":false,"template":"","format":"standard","meta":{"ngg_post_thumbnail":0,"footnotes":""},"categories":[1],"tags":[],"class_list":["post-2332","post","type-post","status-publish","format-standard","has-post-thumbnail","hentry","category-wiadomosci"],"_links":{"self":[{"href":"https:\/\/archiwum.jedwabno.pl\/jdbn_json_endpoint\/wp\/v2\/posts\/2332","targetHints":{"allow":["GET"]}}],"collection":[{"href":"https:\/\/archiwum.jedwabno.pl\/jdbn_json_endpoint\/wp\/v2\/posts"}],"about":[{"href":"https:\/\/archiwum.jedwabno.pl\/jdbn_json_endpoint\/wp\/v2\/types\/post"}],"author":[{"embeddable":true,"href":"https:\/\/archiwum.jedwabno.pl\/jdbn_json_endpoint\/wp\/v2\/users\/55"}],"replies":[{"embeddable":true,"href":"https:\/\/archiwum.jedwabno.pl\/jdbn_json_endpoint\/wp\/v2\/comments?post=2332"}],"version-history":[{"count":0,"href":"https:\/\/archiwum.jedwabno.pl\/jdbn_json_endpoint\/wp\/v2\/posts\/2332\/revisions"}],"wp:featuredmedia":[{"embeddable":true,"href":"https:\/\/archiwum.jedwabno.pl\/jdbn_json_endpoint\/wp\/v2\/media\/2334"}],"wp:attachment":[{"href":"https:\/\/archiwum.jedwabno.pl\/jdbn_json_endpoint\/wp\/v2\/media?parent=2332"}],"wp:term":[{"taxonomy":"category","embeddable":true,"href":"https:\/\/archiwum.jedwabno.pl\/jdbn_json_endpoint\/wp\/v2\/categories?post=2332"},{"taxonomy":"post_tag","embeddable":true,"href":"https:\/\/archiwum.jedwabno.pl\/jdbn_json_endpoint\/wp\/v2\/tags?post=2332"}],"curies":[{"name":"wp","href":"https:\/\/api.w.org\/{rel}","templated":true}]}}